{"id":14136,"date":"2023-10-26T08:32:04","date_gmt":"2023-10-26T08:32:04","guid":{"rendered":"https:\/\/switzerlandbylocals.com\/?p=14136"},"modified":"2023-10-26T08:34:11","modified_gmt":"2023-10-26T08:34:11","slug":"uetliberg-le-sommet-de-zurich-suisse","status":"publish","type":"post","link":"https:\/\/switzerlandbylocals.com\/fr\/uetliberg-le-sommet-de-zurich-suisse\/","title":{"rendered":"\u00dcetliberg (2023) : Le SOMMET de ZURICH | Suisse"},"content":{"rendered":"<p><strong>L&rsquo;\u00dcetliberg est la montagne locale de Zurich et offre de nombreuses possibilit\u00e9s. Voici nos 8 conseils d&rsquo;excursion.<\/strong><\/p>\n<p><img fetchpriority=\"high\" decoding=\"async\" class=\"alignnone size-full wp-image-13162\" src=\"https:\/\/switzerlandbylocals.com\/wp-content\/uploads\/2023\/01\/Titelbild_Ueetliberg.jpg\" alt=\"\" width=\"1920\" height=\"1280\" srcset=\"https:\/\/switzerlandbylocals.com\/wp-content\/uploads\/2023\/01\/Titelbild_Ueetliberg.jpg 1920w, https:\/\/switzerlandbylocals.com\/wp-content\/uploads\/2023\/01\/Titelbild_Ueetliberg-300x200.jpg 300w, https:\/\/switzerlandbylocals.com\/wp-content\/uploads\/2023\/01\/Titelbild_Ueetliberg-1024x683.jpg 1024w, https:\/\/switzerlandbylocals.com\/wp-content\/uploads\/2023\/01\/Titelbild_Ueetliberg-768x512.jpg 768w, https:\/\/switzerlandbylocals.com\/wp-content\/uploads\/2023\/01\/Titelbild_Ueetliberg-1536x1024.jpg 1536w\" sizes=\"(max-width: 1920px) 100vw, 1920px\" \/><br \/>\nDe presque partout dans la ville, vous pouvez reconna\u00eetre l&rsquo;\u00dcetliberg, car c&rsquo;est la montagne avec la grande tour de t\u00e9l\u00e9vision. Non seulement la montagne de Zurich est magnifique \u00e0 regarder depuis la ville, mais la vue depuis le sommet est encore plus belle, ce qui en fait une destination de choix pour une demi-journ\u00e9e \u00e0 Zurich.<\/p>\n<p>Il y a 20 000 ans, lorsque Zurich \u00e9tait encore recouverte de glaciers, la cha\u00eene de montagnes autour de l&rsquo;\u00dcetliberg, y compris le col de l&rsquo;Albis, \u00e9tait la moraine lat\u00e9rale du glacier du Rhin. Lorsque le glacier avan\u00e7ait, une grande quantit\u00e9 de mat\u00e9riaux \u00e9tait pouss\u00e9e pour faire de la place. Cette mati\u00e8re s&rsquo;est accumul\u00e9e sur le c\u00f4t\u00e9, ce qui est souvent visible aujourd&rsquo;hui sous la forme de collines et de cha\u00eenes de montagnes.<\/p>\n<p>Ce qui est particuli\u00e8rement fascinant \u00e0 propos de la montagne locale de Zurich, c&rsquo;est que le soleil brille relativement souvent, alors que Zurich est envelopp\u00e9e de brouillard toute la journ\u00e9e. Cela explique aussi pourquoi tant de gens se rendent \u00e0 l&rsquo;\u00dcetliberg en automne, en hiver et au printemps.<\/p>\n<p><img decoding=\"async\" class=\"alignnone size-full wp-image-13142\" src=\"https:\/\/switzerlandbylocals.com\/wp-content\/uploads\/2023\/01\/1_Ueetliberg_Zuerichs_Hausberg.jpg\" alt=\"\" width=\"1920\" height=\"1280\" srcset=\"https:\/\/switzerlandbylocals.com\/wp-content\/uploads\/2023\/01\/1_Ueetliberg_Zuerichs_Hausberg.jpg 1920w, https:\/\/switzerlandbylocals.com\/wp-content\/uploads\/2023\/01\/1_Ueetliberg_Zuerichs_Hausberg-300x200.jpg 300w, https:\/\/switzerlandbylocals.com\/wp-content\/uploads\/2023\/01\/1_Ueetliberg_Zuerichs_Hausberg-1024x683.jpg 1024w, https:\/\/switzerlandbylocals.com\/wp-content\/uploads\/2023\/01\/1_Ueetliberg_Zuerichs_Hausberg-768x512.jpg 768w, https:\/\/switzerlandbylocals.com\/wp-content\/uploads\/2023\/01\/1_Ueetliberg_Zuerichs_Hausberg-1536x1024.jpg 1536w\" sizes=\"(max-width: 1920px) 100vw, 1920px\" \/><\/p>\n<h2><strong>Voyage de Zurich \u00e0 l&rsquo;\u00dcetliberg<\/strong><\/h2>\n<p>Le voyage de Zurich \u00e0 l&rsquo;\u00dcetliberg est tr\u00e8s simple. En journ\u00e9e, aussi bien en semaine que le week-end, l&rsquo;\u00dcetlibergbahn (ligne de train S 10) circule toutes les 20 minutes depuis la gare principale de Zurich (HB) jusqu&rsquo;\u00e0 la montagne locale de la plus grande ville de Suisse. Le trajet dure environ 25 minutes. Ensuite, vous devez marcher environ 10 minutes et quelques m\u00e8tres de d\u00e9nivel\u00e9 depuis la gare sup\u00e9rieure jusqu&rsquo;\u00e0 la destination. Dans l&rsquo;ensemble, il faut environ 35 minutes depuis la gare de Z\u00fcrich HB jusqu&rsquo;\u00e0 la montagne.<\/p>\n<p><img decoding=\"async\" class=\"alignnone wp-image-13144 size-full\" title=\"Voyage de Zurich \u00e0 l'\u00dcetliberg\" src=\"https:\/\/switzerlandbylocals.com\/wp-content\/uploads\/2023\/01\/2_Ueetlibergbahn.jpg\" alt=\"Voyage de Zurich \u00e0 l'\u00dcetliberg\" width=\"1920\" height=\"1280\" srcset=\"https:\/\/switzerlandbylocals.com\/wp-content\/uploads\/2023\/01\/2_Ueetlibergbahn.jpg 1920w, https:\/\/switzerlandbylocals.com\/wp-content\/uploads\/2023\/01\/2_Ueetlibergbahn-300x200.jpg 300w, https:\/\/switzerlandbylocals.com\/wp-content\/uploads\/2023\/01\/2_Ueetlibergbahn-1024x683.jpg 1024w, https:\/\/switzerlandbylocals.com\/wp-content\/uploads\/2023\/01\/2_Ueetlibergbahn-768x512.jpg 768w, https:\/\/switzerlandbylocals.com\/wp-content\/uploads\/2023\/01\/2_Ueetlibergbahn-1536x1024.jpg 1536w\" sizes=\"(max-width: 1920px) 100vw, 1920px\" \/><br \/>\nLe sentier est adapt\u00e9 aux poussettes et accessible en fauteuil roulant.<\/p>\n<p>Si vous visitez Zurich pendant au moins 24 heures ou que vous effectuez plus de 3 trajets en train\/tram dans le cercle de la ville int\u00e9rieure, vous pouvez acheter un billet Albis 24h. Cela vous permet de voyager gratuitement pendant 24 heures dans les zones 150, 151, 154 en plus de la zone 110, valable pour la ville de Zurich. Si vous n&rsquo;avez que la zone 110, vous devrez acheter un billet de correspondance suppl\u00e9mentaire, ce qui est plus cher au final. Le billet co\u00fbte 17,60 CHF par adulte (en date de 2023). Les d\u00e9tenteurs de la carte demi-tarif paient 8,80 CHF, tandis que les zones sont incluses dans l&rsquo;abonnement g\u00e9n\u00e9ral et le Swiss Travel Pass.<\/p>\n<h2><strong>Tour d&rsquo;observation de l&rsquo;\u00dcetliberg<\/strong><\/h2>\n<p>La tour d&rsquo;observation de l&rsquo;\u00dcetliberg est populaire et offre une vue panoramique encore meilleure que la plate-forme. Elle convient \u00e0 toutes les personnes qui n&rsquo;ont pas le vertige, car la tour mesure 72 m\u00e8tres de haut et comporte 178 marches. Il est important de savoir que la plate-forme d&rsquo;observation se trouve \u00e0 environ 30 m\u00e8tres de hauteur, ce qui signifie que vous ne pouvez pas monter jusqu&rsquo;au sommet de la tour.<\/p>\n<p>Le droit d&rsquo;entr\u00e9e est de 2 CHF et doit \u00eatre pay\u00e9 en pi\u00e8ces. Il est donc recommand\u00e9 d&rsquo;apporter un ou deux francs.<\/p>\n<p><img loading=\"lazy\" decoding=\"async\" class=\"alignnone wp-image-13146 size-full\" title=\"Tour d'observation de l'\u00dcetliberg\" src=\"https:\/\/switzerlandbylocals.com\/wp-content\/uploads\/2023\/01\/3_Ueetlibergturm.jpg\" alt=\"Tour d'observation de l'\u00dcetliberg\" width=\"1920\" height=\"1280\" srcset=\"https:\/\/switzerlandbylocals.com\/wp-content\/uploads\/2023\/01\/3_Ueetlibergturm.jpg 1920w, https:\/\/switzerlandbylocals.com\/wp-content\/uploads\/2023\/01\/3_Ueetlibergturm-300x200.jpg 300w, https:\/\/switzerlandbylocals.com\/wp-content\/uploads\/2023\/01\/3_Ueetlibergturm-1024x683.jpg 1024w, https:\/\/switzerlandbylocals.com\/wp-content\/uploads\/2023\/01\/3_Ueetlibergturm-768x512.jpg 768w, https:\/\/switzerlandbylocals.com\/wp-content\/uploads\/2023\/01\/3_Ueetlibergturm-1536x1024.jpg 1536w\" sizes=\"(max-width: 1920px) 100vw, 1920px\" \/> <img loading=\"lazy\" decoding=\"async\" class=\"alignnone size-full wp-image-13148\" src=\"httpsswitzerlandbylocals.com\/wp-content\/uploads\/2023\/01\/4_Ueetlibergturm.jpg\" alt=\"\" width=\"1920\" height=\"1280\" srcset=\"https:\/\/switzerlandbylocals.com\/wp-content\/uploads\/2023\/01\/4_Ueetlibergturm.jpg 1920w, https:\/\/switzerlandbylocals.com\/wp-content\/uploads\/2023\/01\/4_Ueetlibergturm-300x200.jpg 300w, https:\/\/switzerlandbylocals.com\/wp-content\/uploads\/2023\/01\/4_Ueetlibergturm-1024x683.jpg 1024w, https:\/\/switzerlandbylocals.com\/wp-content\/uploads\/2023\/01\/4_Ueetlibergturm-768x512.jpg 768w, https:\/\/switzerlandbylocals.com\/wp-content\/uploads\/2023\/01\/4_Ueetlibergturm-1536x1024.jpg 1536w\" sizes=\"(max-width: 1920px) 100vw, 1920px\" \/><\/p>\n<p>Pendant longtemps, la tour \u00e9tait gratuite, jusqu&rsquo;\u00e0 ce que le propri\u00e9taire augmente le montant pour l&rsquo;entretien \u00e0 2 CHF. Quelques ann\u00e9es plus tard, le prix \u00e9tait d\u00e9j\u00e0 de 5 CHF, mais il y a eu une grande r\u00e9sistance dans la population. Le prix a donc \u00e9t\u00e9 modifi\u00e9 \u00e0 nouveau \u00e0 2 CHF (en date de 2023).<\/p>\n<h2><strong>Plate-forme panoramique de l&rsquo;\u00dcetliberg<\/strong><\/h2>\n<p>L&rsquo;une des plus belles vues de la montagne locale de Zurich se trouve sur la plate-forme panoramique. Elle est gratuite et se trouve juste apr\u00e8s la tour d&rsquo;observation. Par temps clair, vous avez une vue de r\u00eave sur la ville de Zurich, le lac de Zurich, les Alpes suisses et m\u00eame la For\u00eat-Noire allemande. De plus, avec de bons yeux, vous pouvez voir les avions d\u00e9coller de l&rsquo;a\u00e9roport.<\/p>\n<p>Divers bancs attendent les visiteurs pour se d\u00e9tendre confortablement. Parfois, cependant, l&rsquo;endroit est assez fr\u00e9quent\u00e9. C&rsquo;est particuli\u00e8rement vrai les week-ends au printemps et en automne, lorsque Zurich est domin\u00e9e par le brouillard.<\/p>\n<h2><strong>Restaurant Uto Kulm<\/strong><\/h2>\n<p>Le restaurant Uto Kulm propose aux clients de la nourriture dans diff\u00e9rents b\u00e2timents tels que le jardin d&rsquo;hiver, la terrasse et le Maiens\u00e4ss. De plus, il y a des stands de street food \u00e0 l&rsquo;ext\u00e9rieur lorsque le temps est beau. En hiver, du d\u00e9but novembre jusqu&rsquo;\u00e0 la fin d\u00e9cembre, il y a aussi un Chalet \u00e0 Fondue, o\u00f9 les clients peuvent d\u00e9guster un menu suisse traditionnel sur la montagne locale de Zurich.<\/p>\n<p>Vous pouvez \u00e9galement s\u00e9journer \u00e0 l&rsquo;h\u00f4tel avec un standard 4 \u00e9toiles.<\/p>\n<h2><img loading=\"lazy\" decoding=\"async\" class=\"alignnone wp-image-13150 size-full\" title=\"Restaurant Uto Kulm\" src=\"https:\/\/switzerlandbylocals.com\/wp-content\/uploads\/2023\/01\/5_Ueetliberg_Uto_Kulm.jpg\" alt=\"Restaurant Uto Kulm\" width=\"1920\" height=\"1280\" srcset=\"https:\/\/switzerlandbylocals.com\/wp-content\/uploads\/2023\/01\/5_Ueetliberg_Uto_Kulm.jpg 1920w, https:\/\/switzerlandbylocals.com\/wp-content\/uploads\/2023\/01\/5_Ueetliberg_Uto_Kulm-300x200.jpg 300w, https:\/\/switzerlandbylocals.com\/wp-content\/uploads\/2023\/01\/5_Ueetliberg_Uto_Kulm-1024x683.jpg 1024w, https:\/\/switzerlandbylocals.com\/wp-content\/uploads\/2023\/01\/5_Ueetliberg_Uto_Kulm-768x512.jpg 768w, https:\/\/switzerlandbylocals.com\/wp-content\/uploads\/2023\/01\/5_Ueetliberg_Uto_Kulm-1536x1024.jpg 1536w\" sizes=\"(max-width: 1920px) 100vw, 1920px\" \/><br \/>\n<strong>Randonn\u00e9e panoramique \u00dcetliberg &#8211; Felsenegg (y compris le trajet en t\u00e9l\u00e9ph\u00e9rique)<\/strong><\/h2>\n<p>La randonn\u00e9e panoramique de l&rsquo;\u00dcetliberg \u00e0 Felsenegg est l&rsquo;un des points forts de la cha\u00eene de montagnes. En environ deux heures, vous marchez depuis le point de d\u00e9part sur un chemin confortable jusqu&rsquo;\u00e0 Felsenegg, o\u00f9 vous trouverez un restaurant et un t\u00e9l\u00e9ph\u00e9rique. Si vous souhaitez faire cette randonn\u00e9e, il est pr\u00e9f\u00e9rable d&rsquo;acheter un billet Zurich &#8211; Felsenegg via \u00dcetliberg directement. Sur le chemin du retour \u00e0 Adliswil, vous pourriez m\u00eame prendre le bateau. Il y a aussi un train de retour \u00e0 Zurich, qui est beaucoup plus rapide.<\/p>\n<p><img loading=\"lazy\" decoding=\"async\" class=\"alignnone wp-image-13152 size-full\" title=\"Randonn\u00e9e panoramique \u00dcetliberg - Felsenegg (y compris le trajet en t\u00e9l\u00e9ph\u00e9rique)\" src=\"https:\/\/switzerlandbylocals.com\/wp-content\/uploads\/2023\/01\/6_Wanderweg_Ueetliberg_Felsenegg.jpg\" alt=\"Randonn\u00e9e panoramique \u00dcetliberg - Felsenegg (y compris le trajet en t\u00e9l\u00e9ph\u00e9rique)\" width=\"1920\" height=\"1280\" srcset=\"https:\/\/switzerlandbylocals.com\/wp-content\/uploads\/2023\/01\/6_Wanderweg_Ueetliberg_Felsenegg.jpg 1920w, https:\/\/switzerlandbylocals.com\/wp-content\/uploads\/2023\/01\/6_Wanderweg_Ueetliberg_Felsenegg-300x200.jpg 300w, https:\/\/switzerlandbylocals.com\/wp-content\/uploads\/2023\/01\/6_Wanderweg_Ueetliberg_Felsenegg-1024x683.jpg 1024w, https:\/\/switzerlandbylocals.com\/wp-content\/uploads\/2023\/01\/6_Wanderweg_Ueetliberg_Felsenegg-768x512.jpg 768w, https:\/\/switzerlandbylocals.com\/wp-content\/uploads\/2023\/01\/6_Wanderweg_Ueetliberg_Felsenegg-1536x1024.jpg 1536w\" sizes=\"(max-width: 1920px) 100vw, 1920px\" \/> <img loading=\"lazy\" decoding=\"async\" class=\"alignnone wp-image-13154 size-full\" title=\"Randonn\u00e9e panoramique \u00dcetliberg - Felsenegg (y compris le trajet en t\u00e9l\u00e9ph\u00e9rique)\" src=\"https:\/\/switzerlandbylocals.com\/wp-content\/uploads\/2023\/01\/7_Ueetliberg_Felsenegg.jpg\" alt=\"Randonn\u00e9e panoramique \u00dcetliberg - Felsenegg (y compris le trajet en t\u00e9l\u00e9ph\u00e9rique)\" width=\"1920\" height=\"1280\" srcset=\"https:\/\/switzerlandbylocals.com\/wp-content\/uploads\/2023\/01\/7_Ueetliberg_Felsenegg.jpg 1920w, https:\/\/switzerlandbylocals.com\/wp-content\/uploads\/2023\/01\/7_Ueetliberg_Felsenegg-300x200.jpg 300w, https:\/\/switzerlandbylocals.com\/wp-content\/uploads\/2023\/01\/7_Ueetliberg_Felsenegg-1024x683.jpg 1024w, https:\/\/switzerlandbylocals.com\/wp-content\/uploads\/2023\/01\/7_Ueetliberg_Felsenegg-768x512.jpg 768w, https:\/\/switzerlandbylocals.com\/wp-content\/uploads\/2023\/01\/7_Ueetliberg_Felsenegg-1536x1024.jpg 1536w\" sizes=\"(max-width: 1920px) 100vw, 1920px\" \/> <img loading=\"lazy\" decoding=\"async\" class=\"alignnone size-full wp-image-13156\" src=\"https:\/\/switzerlandbylocals.com\/wp-content\/uploads\/2023\/01\/8_Ueetliberg_Felseneggwanderung.jpg\" alt=\"\" width=\"1920\" height=\"1280\" srcset=\"https:\/\/switzerlandbylocals.com\/wp-content\/uploads\/2023\/01\/8_Ueetliberg_Felseneggwanderung.jpg 1920w, https:\/\/switzerlandbylocals.com\/wp-content\/uploads\/2023\/01\/8_Ueetliberg_Felseneggwanderung-300x200.jpg 300w, https:\/\/switzerlandbylocals.com\/wp-content\/uploads\/2023\/01\/8_Ueetliberg_Felseneggwanderung-1024x683.jpg 1024w, https:\/\/switzerlandbylocals.com\/wp-content\/uploads\/2023\/01\/8_Ueetliberg_Felseneggwanderung-768x512.jpg 768w, https:\/\/switzerlandbylocals.com\/wp-content\/uploads\/2023\/01\/8_Ueetliberg_Felseneggwanderung-1536x1024.jpg 1536w\" sizes=\"(max-width: 1920px) 100vw, 1920px\" \/> <img loading=\"lazy\" decoding=\"async\" class=\"alignnone size-full wp-image-13158\" src=\"https:\/\/switzerlandbylocals.com\/wp-content\/uploads\/2023\/01\/9_Restaurant_Felsenegg.jpg\" alt=\"\" width=\"1920\" height=\"1280\" srcset=\"https:\/\/switzerlandbylocals.com\/wp-content\/uploads\/2023\/01\/9_Restaurant_Felsenegg.jpg 1920w, https:\/\/switzerlandbylocals.com\/wp-content\/uploads\/2023\/01\/9_Restaurant_Felsenegg-300x200.jpg 300w, https:\/\/switzerlandbylocals.com\/wp-content\/uploads\/2023\/01\/9_Restaurant_Felsenegg-1024x683.jpg 1024w, https:\/\/switzerlandbylocals.com\/wp-content\/uploads\/2023\/01\/9_Restaurant_Felsenegg-768x512.jpg 768w, https:\/\/switzerlandbylocals.com\/wp-content\/uploads\/2023\/01\/9_Restaurant_Felsenegg-1536x1024.jpg 1536w\" sizes=\"(max-width: 1920px) 100vw, 1920px\" \/> <img loading=\"lazy\" decoding=\"async\" class=\"alignnone size-full wp-image-13160\" src=\"https:\/\/switzerlandbylocals.com\/wp-content\/uploads\/2023\/01\/10_Seilbahn_Felsenegg.jpg\" alt=\"\" width=\"1920\" height=\"1280\" srcset=\"https:\/\/switzerlandbylocals.com\/wp-content\/uploads\/2023\/01\/10_Seilbahn_Felsenegg.jpg 1920w, https:\/\/switzerlandbylocals.com\/wp-content\/uploads\/2023\/01\/10_Seilbahn_Felsenegg-300x200.jpg 300w, https:\/\/switzerlandbylocals.com\/wp-content\/uploads\/2023\/01\/10_Seilbahn_Felsenegg-1024x683.jpg 1024w, https:\/\/switzerlandbylocals.com\/wp-content\/uploads\/2023\/01\/10_Seilbahn_Felsenegg-768x512.jpg 768w, https:\/\/switzerlandbylocals.com\/wp-content\/uploads\/2023\/01\/10_Seilbahn_Felsenegg-1536x1024.jpg 1536w\" sizes=\"(max-width: 1920px) 100vw, 1920px\" \/><\/p>\n<p>Tout le sentier est adapt\u00e9 aux poussettes et m\u00eame accessible en fauteuil roulant. La randonn\u00e9e est facile, principalement plate et vous serez surpris \u00e0 maintes reprises par des points de vue fantastiques. De plus, les week-ends agr\u00e9ables entre le printemps et l&rsquo;automne, il y a deux restaurants en cours de route. L&rsquo;un d&rsquo;entre eux se trouve sur une ferme.<\/p>\n<p>Un point fort pour les enfants est le sentier des plan\u00e8tes, o\u00f9 vous marchez devant diff\u00e9rentes plan\u00e8tes jusqu&rsquo;\u00e0 ce que vous atteigniez Felsenegg. Un m\u00e8tre sur le sentier th\u00e9matique correspond \u00e0 1 million de kilom\u00e8tres.<\/p>\n<h2><strong>Randonn\u00e9e \u00dcetliberg &#8211; Zurich<\/strong><\/h2>\n<p>La randonn\u00e9e de l&rsquo;\u00dcetliberg \u00e0 la plus grande ville de Suisse (ou vice-versa) est \u00e9galement recommand\u00e9e. Elle prend environ une heure, traverse des chemins forestiers et des routes et est id\u00e9ale lorsque le sentier est d\u00e9gag\u00e9 de la neige &#8211; et surtout de la glace.<\/p>\n<p>Il est populaire parmi les Zurichois de faire la randonn\u00e9e avant le lever du soleil pour profiter de la belle atmosph\u00e8re matinale depuis la montagne.<\/p>\n<h2><strong>V\u00e9lo <\/strong><\/h2>\n<p>Si vous \u00eates dans la ville de Zurich et que vous aimez le v\u00e9lo, vous devriez absolument essayer le sentier de VTT sur l&rsquo;\u00dcetliberg. Il y a deux pistes. Sur la plus grande, vous descendez pendant 11 minutes et montez pendant 30 minutes sur une distance de 3,5 kilom\u00e8tres. Le d\u00e9part se fait dans la r\u00e9gion de la tour de t\u00e9l\u00e9vision, l&rsquo;arriv\u00e9e \u00e0 la gare de Triemli.<\/p>\n<h2><strong>Luge en hiver sur l&rsquo;\u00dcetliberg<\/strong><\/h2>\n<p>En hiver, lorsque la neige est suffisante, il y a une piste de luge de l&rsquo;\u00dcetliberg \u00e0 travers la for\u00eat enneig\u00e9e jusqu&rsquo;\u00e0 Triemli. La descente fait plus de 3 kilom\u00e8tres et offre beaucoup d&rsquo;action. Vous pouvez m\u00eame faire de la luge la nuit avec une lampe de poche. En raison du r\u00e9chauffement climatique, cet \u00e9v\u00e9nement devient de plus en plus rare chaque hiver. Les luges sont \u00e0 louer \u00e0 l&rsquo;h\u00f4tel de montagne Uto Kulm.<\/p>\n<p>En famille, la piste de luge de Ringlikon est recommand\u00e9e, car elle est beaucoup plus s\u00fbre que la longue descente en ville.<\/p>\n","protected":false},"excerpt":{"rendered":"<p>Discover 8 great excursion &#038; sightseeing tips on the \u00dcetliberg.<\/p>\n","protected":false},"author":1,"featured_media":14150,"comment_status":"closed","ping_status":"closed","sticky":false,"template":"","format":"standard","meta":{"footnotes":""},"categories":[192],"tags":[],"class_list":["post-14136","post","type-post","status-publish","format-standard","has-post-thumbnail","hentry","category-tourisme"],"yoast_head":"<!-- This site is optimized with the Yoast SEO plugin v27.5 - https:\/\/yoast.com\/product\/yoast-seo-wordpress\/ -->\n<title>\u00dcetliberg (2023) : Le SOMMET de ZURICH | Suisse - Switzerland by Locals<\/title>\n<meta name=\"robots\" content=\"index, follow, max-snippet:-1, max-image-preview:large, max-video-preview:-1\" \/>\n<link rel=\"canonical\" href=\"https:\/\/switzerlandbylocals.com\/fr\/uetliberg-le-sommet-de-zurich-suisse\/\" \/>\n<meta property=\"og:locale\" content=\"fr_FR\" \/>\n<meta property=\"og:type\" content=\"article\" \/>\n<meta property=\"og:title\" content=\"\u00dcetliberg (2023) : Le SOMMET de ZURICH | Suisse - Switzerland by Locals\" \/>\n<meta property=\"og:description\" content=\"Discover 8 great excursion &amp; sightseeing tips on the \u00dcetliberg.\" \/>\n<meta property=\"og:url\" content=\"https:\/\/switzerlandbylocals.com\/fr\/uetliberg-le-sommet-de-zurich-suisse\/\" \/>\n<meta property=\"og:site_name\" content=\"Switzerland by Locals\" \/>\n<meta property=\"article:published_time\" content=\"2023-10-26T08:32:04+00:00\" \/>\n<meta property=\"article:modified_time\" content=\"2023-10-26T08:34:11+00:00\" \/>\n<meta property=\"og:image\" content=\"https:\/\/switzerlandbylocals.com\/wp-content\/uploads\/2023\/01\/Titelbild_Ueetliberg.jpg\" \/>\n\t<meta property=\"og:image:width\" content=\"1920\" \/>\n\t<meta property=\"og:image:height\" content=\"1280\" \/>\n\t<meta property=\"og:image:type\" content=\"image\/jpeg\" \/>\n<meta name=\"author\" content=\"marc.gottw\" \/>\n<meta name=\"twitter:card\" content=\"summary_large_image\" \/>\n<meta name=\"twitter:label1\" content=\"\u00c9crit par\" \/>\n\t<meta name=\"twitter:data1\" content=\"marc.gottw\" \/>\n\t<meta name=\"twitter:label2\" content=\"Dur\u00e9e de lecture estim\u00e9e\" \/>\n\t<meta name=\"twitter:data2\" content=\"8 minutes\" \/>\n<script type=\"application\/ld+json\" class=\"yoast-schema-graph\">{\"@context\":\"https:\\\/\\\/schema.org\",\"@graph\":[{\"@type\":\"Article\",\"@id\":\"https:\\\/\\\/switzerlandbylocals.com\\\/fr\\\/uetliberg-le-sommet-de-zurich-suisse\\\/#article\",\"isPartOf\":{\"@id\":\"https:\\\/\\\/switzerlandbylocals.com\\\/fr\\\/uetliberg-le-sommet-de-zurich-suisse\\\/\"},\"author\":{\"name\":\"marc.gottw\",\"@id\":\"https:\\\/\\\/switzerlandbylocals.com\\\/en\\\/#\\\/schema\\\/person\\\/b9faf460227b0d1bc55783dbe9b8f4e2\"},\"headline\":\"\u00dcetliberg (2023) : Le SOMMET de ZURICH | Suisse\",\"datePublished\":\"2023-10-26T08:32:04+00:00\",\"dateModified\":\"2023-10-26T08:34:11+00:00\",\"mainEntityOfPage\":{\"@id\":\"https:\\\/\\\/switzerlandbylocals.com\\\/fr\\\/uetliberg-le-sommet-de-zurich-suisse\\\/\"},\"wordCount\":1261,\"publisher\":{\"@id\":\"https:\\\/\\\/switzerlandbylocals.com\\\/en\\\/#organization\"},\"image\":{\"@id\":\"https:\\\/\\\/switzerlandbylocals.com\\\/fr\\\/uetliberg-le-sommet-de-zurich-suisse\\\/#primaryimage\"},\"thumbnailUrl\":\"https:\\\/\\\/switzerlandbylocals.com\\\/wp-content\\\/uploads\\\/2023\\\/01\\\/Titelbild_Ueetliberg.jpg\",\"articleSection\":[\"Tourisme\"],\"inLanguage\":\"fr-FR\"},{\"@type\":\"WebPage\",\"@id\":\"https:\\\/\\\/switzerlandbylocals.com\\\/fr\\\/uetliberg-le-sommet-de-zurich-suisse\\\/\",\"url\":\"https:\\\/\\\/switzerlandbylocals.com\\\/fr\\\/uetliberg-le-sommet-de-zurich-suisse\\\/\",\"name\":\"\u00dcetliberg (2023) : Le SOMMET de ZURICH | Suisse - Switzerland by Locals\",\"isPartOf\":{\"@id\":\"https:\\\/\\\/switzerlandbylocals.com\\\/en\\\/#website\"},\"primaryImageOfPage\":{\"@id\":\"https:\\\/\\\/switzerlandbylocals.com\\\/fr\\\/uetliberg-le-sommet-de-zurich-suisse\\\/#primaryimage\"},\"image\":{\"@id\":\"https:\\\/\\\/switzerlandbylocals.com\\\/fr\\\/uetliberg-le-sommet-de-zurich-suisse\\\/#primaryimage\"},\"thumbnailUrl\":\"https:\\\/\\\/switzerlandbylocals.com\\\/wp-content\\\/uploads\\\/2023\\\/01\\\/Titelbild_Ueetliberg.jpg\",\"datePublished\":\"2023-10-26T08:32:04+00:00\",\"dateModified\":\"2023-10-26T08:34:11+00:00\",\"breadcrumb\":{\"@id\":\"https:\\\/\\\/switzerlandbylocals.com\\\/fr\\\/uetliberg-le-sommet-de-zurich-suisse\\\/#breadcrumb\"},\"inLanguage\":\"fr-FR\",\"potentialAction\":[{\"@type\":\"ReadAction\",\"target\":[\"https:\\\/\\\/switzerlandbylocals.com\\\/fr\\\/uetliberg-le-sommet-de-zurich-suisse\\\/\"]}]},{\"@type\":\"ImageObject\",\"inLanguage\":\"fr-FR\",\"@id\":\"https:\\\/\\\/switzerlandbylocals.com\\\/fr\\\/uetliberg-le-sommet-de-zurich-suisse\\\/#primaryimage\",\"url\":\"https:\\\/\\\/switzerlandbylocals.com\\\/wp-content\\\/uploads\\\/2023\\\/01\\\/Titelbild_Ueetliberg.jpg\",\"contentUrl\":\"https:\\\/\\\/switzerlandbylocals.com\\\/wp-content\\\/uploads\\\/2023\\\/01\\\/Titelbild_Ueetliberg.jpg\",\"width\":1920,\"height\":1280},{\"@type\":\"BreadcrumbList\",\"@id\":\"https:\\\/\\\/switzerlandbylocals.com\\\/fr\\\/uetliberg-le-sommet-de-zurich-suisse\\\/#breadcrumb\",\"itemListElement\":[{\"@type\":\"ListItem\",\"position\":1,\"name\":\"Startseite\",\"item\":\"https:\\\/\\\/switzerlandbylocals.com\\\/fr\\\/\"},{\"@type\":\"ListItem\",\"position\":2,\"name\":\"\u00dcetliberg (2023) : Le SOMMET de ZURICH | Suisse\"}]},{\"@type\":\"WebSite\",\"@id\":\"https:\\\/\\\/switzerlandbylocals.com\\\/en\\\/#website\",\"url\":\"https:\\\/\\\/switzerlandbylocals.com\\\/en\\\/\",\"name\":\"Switzerland by Locals\",\"description\":\"\",\"publisher\":{\"@id\":\"https:\\\/\\\/switzerlandbylocals.com\\\/en\\\/#organization\"},\"potentialAction\":[{\"@type\":\"SearchAction\",\"target\":{\"@type\":\"EntryPoint\",\"urlTemplate\":\"https:\\\/\\\/switzerlandbylocals.com\\\/en\\\/?s={search_term_string}\"},\"query-input\":{\"@type\":\"PropertyValueSpecification\",\"valueRequired\":true,\"valueName\":\"search_term_string\"}}],\"inLanguage\":\"fr-FR\"},{\"@type\":\"Organization\",\"@id\":\"https:\\\/\\\/switzerlandbylocals.com\\\/en\\\/#organization\",\"name\":\"Switzerland by Locals\",\"url\":\"https:\\\/\\\/switzerlandbylocals.com\\\/en\\\/\",\"logo\":{\"@type\":\"ImageObject\",\"inLanguage\":\"fr-FR\",\"@id\":\"https:\\\/\\\/switzerlandbylocals.com\\\/en\\\/#\\\/schema\\\/logo\\\/image\\\/\",\"url\":\"https:\\\/\\\/switzerlandbylocals.com\\\/wp-content\\\/uploads\\\/2021\\\/02\\\/Logo-V1.png\",\"contentUrl\":\"https:\\\/\\\/switzerlandbylocals.com\\\/wp-content\\\/uploads\\\/2021\\\/02\\\/Logo-V1.png\",\"width\":2551,\"height\":667,\"caption\":\"Switzerland by Locals\"},\"image\":{\"@id\":\"https:\\\/\\\/switzerlandbylocals.com\\\/en\\\/#\\\/schema\\\/logo\\\/image\\\/\"}},{\"@type\":\"Person\",\"@id\":\"https:\\\/\\\/switzerlandbylocals.com\\\/en\\\/#\\\/schema\\\/person\\\/b9faf460227b0d1bc55783dbe9b8f4e2\",\"name\":\"marc.gottw\",\"image\":{\"@type\":\"ImageObject\",\"inLanguage\":\"fr-FR\",\"@id\":\"https:\\\/\\\/secure.gravatar.com\\\/avatar\\\/a010e12fdaac30d8115e19dbfd8f2f11effce8fce40a6046b2652155e2590b41?s=96&d=mm&r=g\",\"url\":\"https:\\\/\\\/secure.gravatar.com\\\/avatar\\\/a010e12fdaac30d8115e19dbfd8f2f11effce8fce40a6046b2652155e2590b41?s=96&d=mm&r=g\",\"contentUrl\":\"https:\\\/\\\/secure.gravatar.com\\\/avatar\\\/a010e12fdaac30d8115e19dbfd8f2f11effce8fce40a6046b2652155e2590b41?s=96&d=mm&r=g\",\"caption\":\"marc.gottw\"},\"url\":\"https:\\\/\\\/switzerlandbylocals.com\\\/fr\\\/author\\\/marc-gottw\\\/\"}]}<\/script>\n<!-- \/ Yoast SEO plugin. -->","yoast_head_json":{"title":"\u00dcetliberg (2023) : Le SOMMET de ZURICH | Suisse - Switzerland by Locals","robots":{"index":"index","follow":"follow","max-snippet":"max-snippet:-1","max-image-preview":"max-image-preview:large","max-video-preview":"max-video-preview:-1"},"canonical":"https:\/\/switzerlandbylocals.com\/fr\/uetliberg-le-sommet-de-zurich-suisse\/","og_locale":"fr_FR","og_type":"article","og_title":"\u00dcetliberg (2023) : Le SOMMET de ZURICH | Suisse - Switzerland by Locals","og_description":"Discover 8 great excursion & sightseeing tips on the \u00dcetliberg.","og_url":"https:\/\/switzerlandbylocals.com\/fr\/uetliberg-le-sommet-de-zurich-suisse\/","og_site_name":"Switzerland by Locals","article_published_time":"2023-10-26T08:32:04+00:00","article_modified_time":"2023-10-26T08:34:11+00:00","og_image":[{"width":1920,"height":1280,"url":"https:\/\/switzerlandbylocals.com\/wp-content\/uploads\/2023\/01\/Titelbild_Ueetliberg.jpg","type":"image\/jpeg"}],"author":"marc.gottw","twitter_card":"summary_large_image","twitter_misc":{"\u00c9crit par":"marc.gottw","Dur\u00e9e de lecture estim\u00e9e":"8 minutes"},"schema":{"@context":"https:\/\/schema.org","@graph":[{"@type":"Article","@id":"https:\/\/switzerlandbylocals.com\/fr\/uetliberg-le-sommet-de-zurich-suisse\/#article","isPartOf":{"@id":"https:\/\/switzerlandbylocals.com\/fr\/uetliberg-le-sommet-de-zurich-suisse\/"},"author":{"name":"marc.gottw","@id":"https:\/\/switzerlandbylocals.com\/en\/#\/schema\/person\/b9faf460227b0d1bc55783dbe9b8f4e2"},"headline":"\u00dcetliberg (2023) : Le SOMMET de ZURICH | Suisse","datePublished":"2023-10-26T08:32:04+00:00","dateModified":"2023-10-26T08:34:11+00:00","mainEntityOfPage":{"@id":"https:\/\/switzerlandbylocals.com\/fr\/uetliberg-le-sommet-de-zurich-suisse\/"},"wordCount":1261,"publisher":{"@id":"https:\/\/switzerlandbylocals.com\/en\/#organization"},"image":{"@id":"https:\/\/switzerlandbylocals.com\/fr\/uetliberg-le-sommet-de-zurich-suisse\/#primaryimage"},"thumbnailUrl":"https:\/\/switzerlandbylocals.com\/wp-content\/uploads\/2023\/01\/Titelbild_Ueetliberg.jpg","articleSection":["Tourisme"],"inLanguage":"fr-FR"},{"@type":"WebPage","@id":"https:\/\/switzerlandbylocals.com\/fr\/uetliberg-le-sommet-de-zurich-suisse\/","url":"https:\/\/switzerlandbylocals.com\/fr\/uetliberg-le-sommet-de-zurich-suisse\/","name":"\u00dcetliberg (2023) : Le SOMMET de ZURICH | Suisse - Switzerland by Locals","isPartOf":{"@id":"https:\/\/switzerlandbylocals.com\/en\/#website"},"primaryImageOfPage":{"@id":"https:\/\/switzerlandbylocals.com\/fr\/uetliberg-le-sommet-de-zurich-suisse\/#primaryimage"},"image":{"@id":"https:\/\/switzerlandbylocals.com\/fr\/uetliberg-le-sommet-de-zurich-suisse\/#primaryimage"},"thumbnailUrl":"https:\/\/switzerlandbylocals.com\/wp-content\/uploads\/2023\/01\/Titelbild_Ueetliberg.jpg","datePublished":"2023-10-26T08:32:04+00:00","dateModified":"2023-10-26T08:34:11+00:00","breadcrumb":{"@id":"https:\/\/switzerlandbylocals.com\/fr\/uetliberg-le-sommet-de-zurich-suisse\/#breadcrumb"},"inLanguage":"fr-FR","potentialAction":[{"@type":"ReadAction","target":["https:\/\/switzerlandbylocals.com\/fr\/uetliberg-le-sommet-de-zurich-suisse\/"]}]},{"@type":"ImageObject","inLanguage":"fr-FR","@id":"https:\/\/switzerlandbylocals.com\/fr\/uetliberg-le-sommet-de-zurich-suisse\/#primaryimage","url":"https:\/\/switzerlandbylocals.com\/wp-content\/uploads\/2023\/01\/Titelbild_Ueetliberg.jpg","contentUrl":"https:\/\/switzerlandbylocals.com\/wp-content\/uploads\/2023\/01\/Titelbild_Ueetliberg.jpg","width":1920,"height":1280},{"@type":"BreadcrumbList","@id":"https:\/\/switzerlandbylocals.com\/fr\/uetliberg-le-sommet-de-zurich-suisse\/#breadcrumb","itemListElement":[{"@type":"ListItem","position":1,"name":"Startseite","item":"https:\/\/switzerlandbylocals.com\/fr\/"},{"@type":"ListItem","position":2,"name":"\u00dcetliberg (2023) : Le SOMMET de ZURICH | Suisse"}]},{"@type":"WebSite","@id":"https:\/\/switzerlandbylocals.com\/en\/#website","url":"https:\/\/switzerlandbylocals.com\/en\/","name":"Switzerland by Locals","description":"","publisher":{"@id":"https:\/\/switzerlandbylocals.com\/en\/#organization"},"potentialAction":[{"@type":"SearchAction","target":{"@type":"EntryPoint","urlTemplate":"https:\/\/switzerlandbylocals.com\/en\/?s={search_term_string}"},"query-input":{"@type":"PropertyValueSpecification","valueRequired":true,"valueName":"search_term_string"}}],"inLanguage":"fr-FR"},{"@type":"Organization","@id":"https:\/\/switzerlandbylocals.com\/en\/#organization","name":"Switzerland by Locals","url":"https:\/\/switzerlandbylocals.com\/en\/","logo":{"@type":"ImageObject","inLanguage":"fr-FR","@id":"https:\/\/switzerlandbylocals.com\/en\/#\/schema\/logo\/image\/","url":"https:\/\/switzerlandbylocals.com\/wp-content\/uploads\/2021\/02\/Logo-V1.png","contentUrl":"https:\/\/switzerlandbylocals.com\/wp-content\/uploads\/2021\/02\/Logo-V1.png","width":2551,"height":667,"caption":"Switzerland by Locals"},"image":{"@id":"https:\/\/switzerlandbylocals.com\/en\/#\/schema\/logo\/image\/"}},{"@type":"Person","@id":"https:\/\/switzerlandbylocals.com\/en\/#\/schema\/person\/b9faf460227b0d1bc55783dbe9b8f4e2","name":"marc.gottw","image":{"@type":"ImageObject","inLanguage":"fr-FR","@id":"https:\/\/secure.gravatar.com\/avatar\/a010e12fdaac30d8115e19dbfd8f2f11effce8fce40a6046b2652155e2590b41?s=96&d=mm&r=g","url":"https:\/\/secure.gravatar.com\/avatar\/a010e12fdaac30d8115e19dbfd8f2f11effce8fce40a6046b2652155e2590b41?s=96&d=mm&r=g","contentUrl":"https:\/\/secure.gravatar.com\/avatar\/a010e12fdaac30d8115e19dbfd8f2f11effce8fce40a6046b2652155e2590b41?s=96&d=mm&r=g","caption":"marc.gottw"},"url":"https:\/\/switzerlandbylocals.com\/fr\/author\/marc-gottw\/"}]}},"_links":{"self":[{"href":"https:\/\/switzerlandbylocals.com\/fr\/wp-json\/wp\/v2\/posts\/14136","targetHints":{"allow":["GET"]}}],"collection":[{"href":"https:\/\/switzerlandbylocals.com\/fr\/wp-json\/wp\/v2\/posts"}],"about":[{"href":"https:\/\/switzerlandbylocals.com\/fr\/wp-json\/wp\/v2\/types\/post"}],"author":[{"embeddable":true,"href":"https:\/\/switzerlandbylocals.com\/fr\/wp-json\/wp\/v2\/users\/1"}],"replies":[{"embeddable":true,"href":"https:\/\/switzerlandbylocals.com\/fr\/wp-json\/wp\/v2\/comments?post=14136"}],"version-history":[{"count":3,"href":"https:\/\/switzerlandbylocals.com\/fr\/wp-json\/wp\/v2\/posts\/14136\/revisions"}],"predecessor-version":[{"id":14152,"href":"https:\/\/switzerlandbylocals.com\/fr\/wp-json\/wp\/v2\/posts\/14136\/revisions\/14152"}],"wp:featuredmedia":[{"embeddable":true,"href":"https:\/\/switzerlandbylocals.com\/fr\/wp-json\/wp\/v2\/media\/14150"}],"wp:attachment":[{"href":"https:\/\/switzerlandbylocals.com\/fr\/wp-json\/wp\/v2\/media?parent=14136"}],"wp:term":[{"taxonomy":"category","embeddable":true,"href":"https:\/\/switzerlandbylocals.com\/fr\/wp-json\/wp\/v2\/categories?post=14136"},{"taxonomy":"post_tag","embeddable":true,"href":"https:\/\/switzerlandbylocals.com\/fr\/wp-json\/wp\/v2\/tags?post=14136"}],"curies":[{"name":"wp","href":"https:\/\/api.w.org\/{rel}","templated":true}]}}