{"id":14155,"date":"2023-10-27T09:09:01","date_gmt":"2023-10-27T09:09:01","guid":{"rendered":"https:\/\/switzerlandbylocals.com\/?p=14155"},"modified":"2023-10-27T09:09:01","modified_gmt":"2023-10-27T09:09:01","slug":"endroits-de-reve-autour-de-kandersteg","status":"publish","type":"post","link":"https:\/\/switzerlandbylocals.com\/fr\/endroits-de-reve-autour-de-kandersteg\/","title":{"rendered":"9 endroits de r\u00eave autour de Kandersteg"},"content":{"rendered":"<p><strong>Kandersteg est un charmant village situ\u00e9 dans l&rsquo;Oberland bernois, nich\u00e9 dans la vall\u00e9e de la Kander du m\u00eame nom. Son nom provient de la rivi\u00e8re, appel\u00e9e la Kander. Entour\u00e9 de montagnes imposantes, souvent de 2 500 m\u00e8tres et plus, Kandersteg regorge de lieux de r\u00eave, comme le Gasterntal ou Sunnb\u00fcehl, que de nombreuses personnes n&rsquo;ont jamais entendu parler. Bien s\u00fbr, il y a aussi les classiques, comme le Blausee ou l&rsquo;Oeschinensee.<\/strong><\/p>\n<p><img fetchpriority=\"high\" decoding=\"async\" class=\"aligncenter wp-image-13117 size-large\" title=\"9 endroits de r\u00eave autour de Kandersteg\" src=\"https:\/\/switzerlandbylocals.com\/wp-content\/uploads\/2023\/01\/Titelbild_Chalet_Kandersteg-1024x683.jpg\" alt=\"9 endroits de r\u00eave autour de Kandersteg\" width=\"1024\" height=\"683\" srcset=\"https:\/\/switzerlandbylocals.com\/wp-content\/uploads\/2023\/01\/Titelbild_Chalet_Kandersteg-1024x683.jpg 1024w, https:\/\/switzerlandbylocals.com\/wp-content\/uploads\/2023\/01\/Titelbild_Chalet_Kandersteg-300x200.jpg 300w, https:\/\/switzerlandbylocals.com\/wp-content\/uploads\/2023\/01\/Titelbild_Chalet_Kandersteg-768x512.jpg 768w, https:\/\/switzerlandbylocals.com\/wp-content\/uploads\/2023\/01\/Titelbild_Chalet_Kandersteg-1536x1024.jpg 1536w, https:\/\/switzerlandbylocals.com\/wp-content\/uploads\/2023\/01\/Titelbild_Chalet_Kandersteg.jpg 1920w\" sizes=\"(max-width: 1024px) 100vw, 1024px\" \/><\/p>\n<p>Nous sommes heureux de vous pr\u00e9senter nos 9 meilleurs endroits autour de Kandersteg pour que vous profitiez au maximum de votre s\u00e9jour ou de votre excursion d&rsquo;une journ\u00e9e.<\/p>\n<h2><strong>Vall\u00e9e de Gasterntal &#8211; le plus bel endroit de Kandersteg<\/strong><\/h2>\n<p>\u00c9poustouflant, \u00e0 couper le souffle, la nature \u00e0 l&rsquo;\u00e9tat pur. Pour moi, l&rsquo;un des plus grands points forts de cet article est la vall\u00e9e de Gasterntal. Vous pouvez acc\u00e9der \u00e0 cette vall\u00e9e recul\u00e9e au-dessus de Kandersteg par un sentier de randonn\u00e9e (sentier de randonn\u00e9e de Chluse) ou en voiture. Si vous choisissez de venir en voiture, sachez que la route est \u00e9troite, \u00e0 sens unique, et co\u00fbte 15 CHF par jour. L&rsquo;ascension se fait toujours de 45-05, et la descente de 15-35. En raison du risque de neige et d&rsquo;avalanche, la r\u00e9gion n&rsquo;est accessible que de mai \u00e0 environ mi-novembre.<\/p>\n<p>Gasterntal est l&rsquo;endroit id\u00e9al pour vous si vous aimez la nature et la randonn\u00e9e. Les rivi\u00e8res sauvages, les cascades vari\u00e9es et les vues sur les glaciers magiques et les montagnes imposantes sont impressionnants. Il y a \u00e9galement des restaurants au d\u00e9but et \u00e0 la fin de la vall\u00e9e. C&rsquo;est pourquoi Gasterntal est le conseil ultime des initi\u00e9s de Kandersteg.<\/p>\n<p>Comme il y a des routes, vous pouvez vous rendre en voiture au dernier restaurant de la vall\u00e9e. De m\u00eame, ces chemins peuvent \u00eatre parcourus \u00e0 v\u00e9lo.<\/p>\n<p><img decoding=\"async\" class=\"aligncenter wp-image-13099 size-large\" title=\"9 endroits de r\u00eave autour de Kandersteg\" src=\"https:\/\/switzerlandbylocals.com\/wp-content\/uploads\/2023\/01\/1_Gasterntal-1024x683.jpg\" alt=\"9 endroits de r\u00eave autour de Kandersteg\" width=\"1024\" height=\"683\" srcset=\"https:\/\/switzerlandbylocals.com\/wp-content\/uploads\/2023\/01\/1_Gasterntal-1024x683.jpg 1024w, https:\/\/switzerlandbylocals.com\/wp-content\/uploads\/2023\/01\/1_Gasterntal-300x200.jpg 300w, https:\/\/switzerlandbylocals.com\/wp-content\/uploads\/2023\/01\/1_Gasterntal-768x512.jpg 768w, https:\/\/switzerlandbylocals.com\/wp-content\/uploads\/2023\/01\/1_Gasterntal-1536x1024.jpg 1536w, https:\/\/switzerlandbylocals.com\/wp-content\/uploads\/2023\/01\/1_Gasterntal.jpg 1920w\" sizes=\"(max-width: 1024px) 100vw, 1024px\" \/><\/p>\n<p>&nbsp;<\/p>\n<h3><strong>Choisissez un sentier de randonn\u00e9e<\/strong><\/h3>\n<p>Si vous souhaitez randonner de Kandersteg \u00e0 Gasterntal, vous pouvez emprunter l&rsquo;un des sentiers de randonn\u00e9e les plus beaux et les plus aventureux de la r\u00e9gion. Il s&rsquo;agit du sentier de randonn\u00e9e de Chluse, qui d\u00e9marre \u00e0 la station de t\u00e9l\u00e9ph\u00e9rique Sunnb\u00fcehl (station de vall\u00e9e).<\/p>\n<p>En environ une heure, vous longerez des cascades, des ruisseaux de montagne et la route impressionnante menant \u00e0 Gasterntal. Si vous le souhaitez, vous pouvez continuer la randonn\u00e9e en direction de Brandhubel.<\/p>\n<h3><strong>Sunnb\u00fcehl (prairies fleuries et randonn\u00e9e jusqu&rsquo;au Daubensee)<\/strong><\/h3>\n<p>Une autre excellente destination est \u00ab\u00a0Sunnb\u00fcehl\u00a0\u00bb. Avec le t\u00e9l\u00e9ph\u00e9rique d\u00e9crit pr\u00e9c\u00e9demment, vous pouvez vous rendre \u00e0 la station sup\u00e9rieure. D\u00e9j\u00e0 ici, vous b\u00e9n\u00e9ficiez d&rsquo;une vue panoramique incroyable sur la vall\u00e9e de l&rsquo;Est. En passant, voici \u00e9galement le premier conseil : une randonn\u00e9e dans la vall\u00e9e de l&rsquo;Est. Cependant, comme le chemin est tr\u00e8s raide et que la plaine autour de Sunnb\u00fcehl est indescriptiblement belle, nous vous recommandons d&rsquo;y passer du temps. Il y a plusieurs sentiers secondaires \u00e0 d\u00e9couvrir, ainsi que des lacs et des fleurs rares comme les orchid\u00e9es au printemps. Il y a aussi la c\u00e9l\u00e8bre randonn\u00e9e suisse vers le col de Gemmi et Daubensee, o\u00f9 vous pouvez prendre le t\u00e9l\u00e9ph\u00e9rique pour Leukerbad pour retourner \u00e0 Kandersteg.<\/p>\n<p><img decoding=\"async\" class=\"aligncenter wp-image-13101 size-large\" title=\"Sunnb\u00fcehl (prairies fleuries et randonn\u00e9e jusqu'au Daubensee)\" src=\"https:\/\/switzerlandbylocals.com\/wp-content\/uploads\/2023\/01\/2_Sunnbueehl-1024x683.jpg\" alt=\"Sunnb\u00fcehl (prairies fleuries et randonn\u00e9e jusqu'au Daubensee)\" width=\"1024\" height=\"683\" srcset=\"https:\/\/switzerlandbylocals.com\/wp-content\/uploads\/2023\/01\/2_Sunnbueehl-1024x683.jpg 1024w, https:\/\/switzerlandbylocals.com\/wp-content\/uploads\/2023\/01\/2_Sunnbueehl-300x200.jpg 300w, https:\/\/switzerlandbylocals.com\/wp-content\/uploads\/2023\/01\/2_Sunnbueehl-768x512.jpg 768w, https:\/\/switzerlandbylocals.com\/wp-content\/uploads\/2023\/01\/2_Sunnbueehl-1536x1024.jpg 1536w, https:\/\/switzerlandbylocals.com\/wp-content\/uploads\/2023\/01\/2_Sunnbueehl.jpg 1920w\" sizes=\"(max-width: 1024px) 100vw, 1024px\" \/><\/p>\n<p>&nbsp;<\/p>\n<h3><strong>Lac Blausee &#8211; lac c\u00e9l\u00e8bre pr\u00e8s de Kandersteg<\/strong><\/h3>\n<p>Le lac Blausee est un classique pr\u00e8s de Kandersteg. Il est consid\u00e9r\u00e9 comme l&rsquo;un des lacs les plus c\u00e9l\u00e8bres de Suisse, et l&rsquo;endroit est donc tr\u00e8s fr\u00e9quent\u00e9 par les touristes. Une promenade autour du lac prend environ 20 minutes. Si vous le souhaitez, vous pouvez apporter votre pique-nique ou d\u00e9guster quelque chose de d\u00e9licieux au restaurant. Le lac de montagne est \u00e9galement ouvert en hiver. Un petit march\u00e9 de No\u00ebl est organis\u00e9 en d\u00e9cembre.<\/p>\n<p>Bien qu&rsquo;il ne soit pas autoris\u00e9 de nager dans le lac, un bateau est inclus dans le prix d&rsquo;entr\u00e9e pendant les saisons plus chaudes comme l&rsquo;\u00e9t\u00e9 et l&rsquo;automne.<\/p>\n<p><img loading=\"lazy\" decoding=\"async\" class=\"aligncenter wp-image-13103 size-large\" title=\"Lac Blausee - lac c\u00e9l\u00e8bre pr\u00e8s de Kandersteg\" src=\"https:\/\/switzerlandbylocals.com\/wp-content\/uploads\/2023\/01\/3_Blausee_Kandertal-1024x683.jpg\" alt=\"Lac Blausee - lac c\u00e9l\u00e8bre pr\u00e8s de Kandersteg\" width=\"1024\" height=\"683\" srcset=\"https:\/\/switzerlandbylocals.com\/wp-content\/uploads\/2023\/01\/3_Blausee_Kandertal-1024x683.jpg 1024w, https:\/\/switzerlandbylocals.com\/wp-content\/uploads\/2023\/01\/3_Blausee_Kandertal-300x200.jpg 300w, https:\/\/switzerlandbylocals.com\/wp-content\/uploads\/2023\/01\/3_Blausee_Kandertal-768x512.jpg 768w, https:\/\/switzerlandbylocals.com\/wp-content\/uploads\/2023\/01\/3_Blausee_Kandertal-1536x1024.jpg 1536w, https:\/\/switzerlandbylocals.com\/wp-content\/uploads\/2023\/01\/3_Blausee_Kandertal.jpg 1920w\" sizes=\"(max-width: 1024px) 100vw, 1024px\" \/><\/p>\n<p>&nbsp;<\/p>\n<h3><strong>Vall\u00e9e de Kiental<\/strong><\/h3>\n<p>Un conseil d&rsquo;initi\u00e9 et tr\u00e8s proche de Kandersteg est la Vall\u00e9e de Kiental. Ici, vous avez l&rsquo;impression que le temps s&rsquo;est en partie arr\u00eat\u00e9. Que diriez-vous de la route de bus postal la plus raide d&rsquo;Europe ? De l&rsquo;adr\u00e9naline et de belles vues sont garanties. Le terminus s&rsquo;appelle Griesalp, avec un restaurant et un h\u00f4tel, ou vous pouvez commencer de belles randonn\u00e9es.<\/p>\n<p>Si vous arrivez en voiture, il vaut \u00e9galement la peine de s&rsquo;arr\u00eater \u00e0 la boutique du village. Ici aussi, beaucoup est rest\u00e9 comme il y a plus de 50 ans.<\/p>\n<p><img loading=\"lazy\" decoding=\"async\" class=\"aligncenter wp-image-13105 size-large\" title=\"Vall\u00e9e de Kiental\" src=\"https:\/\/switzerlandbylocals.com\/wp-content\/uploads\/2023\/01\/4_Kiental-1024x683.jpg\" alt=\"Vall\u00e9e de Kiental\" width=\"1024\" height=\"683\" srcset=\"https:\/\/switzerlandbylocals.com\/wp-content\/uploads\/2023\/01\/4_Kiental-1024x683.jpg 1024w, https:\/\/switzerlandbylocals.com\/wp-content\/uploads\/2023\/01\/4_Kiental-300x200.jpg 300w, https:\/\/switzerlandbylocals.com\/wp-content\/uploads\/2023\/01\/4_Kiental-768x512.jpg 768w, https:\/\/switzerlandbylocals.com\/wp-content\/uploads\/2023\/01\/4_Kiental-1536x1024.jpg 1536w, https:\/\/switzerlandbylocals.com\/wp-content\/uploads\/2023\/01\/4_Kiental.jpg 1920w\" sizes=\"(max-width: 1024px) 100vw, 1024px\" \/><\/p>\n<h3><strong>Lac d&rsquo;Oeschinen &#8211; Lac sup\u00e9rieur au-dessus de Kandersteg<\/strong><\/h3>\n<p>Le Lac d&rsquo;Oeschinen est situ\u00e9 au-dessus de Kandersteg. Alors qu&rsquo;il \u00e9tait autrefois un conseil d&rsquo;initi\u00e9 il y a quelques ann\u00e9es, le lac suisse est devenu un lieu touristique incontournable gr\u00e2ce aux r\u00e9seaux sociaux.<\/p>\n<p>Cela a du sens car la beaut\u00e9 de l&rsquo;endroit est illimit\u00e9e. \u00c0 l&rsquo;origine, le Lac d&rsquo;Oeschinen a \u00e9t\u00e9 form\u00e9 par un glissement de terrain, qui a bloqu\u00e9 l&rsquo;eau. M\u00eame aujourd&rsquo;hui, il y a des risques de chutes de pierres massives. La pente est surveill\u00e9e, et le public est normalement inform\u00e9 \u00e0 temps.<\/p>\n<p>En plus de la baignade, vous pouvez faire de superbes randonn\u00e9es en \u00e9t\u00e9 et en automne. La plus populaire est probablement la randonn\u00e9e circulaire autour du lac. Tr\u00e8s c\u00e9l\u00e8bre aussi est la randonn\u00e9e exigeante jusqu&rsquo;\u00e0 la Bl\u00fcemlisalph\u00fctte, l&rsquo;une des plus belles cabanes du Club Alpin Suisse (SAC).<\/p>\n<p>Vous pouvez emprunter le sentier de randonn\u00e9e depuis Kandersteg ou le t\u00e9l\u00e9ph\u00e9rique du m\u00eame endroit pour acc\u00e9der au lac. Une fois au sommet de la station de t\u00e9l\u00e9ph\u00e9rique, il vous faudra environ 30 minutes pour atteindre le lac. Mais il y a m\u00eame un petit \u00ab\u00a0train\u00a0\u00bb jusqu&rsquo;au lac qui transporte les personnes handicap\u00e9es et confortables moyennant des frais.<\/p>\n<p>En hiver, vous pouvez faire du patin \u00e0 glace sur le Lac d&rsquo;Oeschinensee.<\/p>\n<p><img loading=\"lazy\" decoding=\"async\" class=\"aligncenter wp-image-13107 size-large\" title=\"Lac d'Oeschinen\" src=\"https:\/\/switzerlandbylocals.com\/wp-content\/uploads\/2023\/01\/5_Oeschinensee-1024x683.jpg\" alt=\"Lac d'Oeschinen\" width=\"1024\" height=\"683\" srcset=\"https:\/\/switzerlandbylocals.com\/wp-content\/uploads\/2023\/01\/5_Oeschinensee-1024x683.jpg 1024w, https:\/\/switzerlandbylocals.com\/wp-content\/uploads\/2023\/01\/5_Oeschinensee-300x200.jpg 300w, https:\/\/switzerlandbylocals.com\/wp-content\/uploads\/2023\/01\/5_Oeschinensee-768x512.jpg 768w, https:\/\/switzerlandbylocals.com\/wp-content\/uploads\/2023\/01\/5_Oeschinensee-1536x1024.jpg 1536w, https:\/\/switzerlandbylocals.com\/wp-content\/uploads\/2023\/01\/5_Oeschinensee.jpg 1920w\" sizes=\"(max-width: 1024px) 100vw, 1024px\" \/><\/p>\n<p>&nbsp;<\/p>\n<h3><strong>Bl\u00fcemlisalph\u00fctte<\/strong><\/h3>\n<p>Les amateurs de randonn\u00e9e adorent la Bl\u00fcemlisalph\u00fctte car la vue sur la montagne est tout simplement ph\u00e9nom\u00e9nale. Mais toute r\u00e9compense a un prix car l&rsquo;ascension prend environ 4 heures.<\/p>\n<p>Si vous le souhaitez, vous pouvez passer la nuit \u00e0 la cabane du SAC. Sinon, vous pouvez faire de la randonn\u00e9e en direction de Griesalp. Dans l&rsquo;ensemble, la randonn\u00e9e dure environ 9-10 heures. Mais l&rsquo;effort en vaut la peine car vous avez un panorama de montagne incroyablement beau et vous \u00eates tout pr\u00e8s des glaciers.<img loading=\"lazy\" decoding=\"async\" class=\"aligncenter wp-image-13109 size-large\" title=\"Bl\u00fcemlisalph\u00fctte\" src=\"https:\/\/switzerlandbylocals.com\/wp-content\/uploads\/2023\/01\/6_Blueemlisalphuette-1024x683.jpg\" alt=\"Bl\u00fcemlisalph\u00fctte\" width=\"1024\" height=\"683\" srcset=\"https:\/\/switzerlandbylocals.com\/wp-content\/uploads\/2023\/01\/6_Blueemlisalphuette-1024x683.jpg 1024w, https:\/\/switzerlandbylocals.com\/wp-content\/uploads\/2023\/01\/6_Blueemlisalphuette-300x200.jpg 300w, https:\/\/switzerlandbylocals.com\/wp-content\/uploads\/2023\/01\/6_Blueemlisalphuette-768x512.jpg 768w, https:\/\/switzerlandbylocals.com\/wp-content\/uploads\/2023\/01\/6_Blueemlisalphuette-1536x1024.jpg 1536w, https:\/\/switzerlandbylocals.com\/wp-content\/uploads\/2023\/01\/6_Blueemlisalphuette.jpg 1920w\" sizes=\"(max-width: 1024px) 100vw, 1024px\" \/><\/p>\n<h3><strong>Cascade au t\u00e9l\u00e9ph\u00e9rique Allmenalp (station de vall\u00e9e)<\/strong><\/h3>\n<p>Si vous \u00eates amateur de cascades, vous devez avoir vu la cascade au t\u00e9l\u00e9ph\u00e9rique Allmenalp \u00e0 Kandersteg. Elle tombe de fa\u00e7on imposante d&rsquo;une hauteur incroyable dans la vall\u00e9e, attirant l&rsquo;attention de loin avec un rugissement. La cascade a \u00e9galement attir\u00e9 l&rsquo;attention sur les r\u00e9seaux sociaux et est devenue virale \u00e0 plusieurs reprises.<\/p>\n<p>Pour profiter pleinement de la cascade, nous vous recommandons de venir \u00e0 Kandersteg au printemps pendant la fonte des neiges.<\/p>\n<p><img loading=\"lazy\" decoding=\"async\" class=\"aligncenter wp-image-13111 size-large\" title=\"\" src=\"https:\/\/switzerlandbylocals.com\/wp-content\/uploads\/2023\/01\/7_Kandersteg_Wasserfall-1024x683.jpg\" alt=\"Cascade au t\u00e9l\u00e9ph\u00e9rique Allmenalp (station de vall\u00e9e)\" width=\"1024\" height=\"683\" srcset=\"https:\/\/switzerlandbylocals.com\/wp-content\/uploads\/2023\/01\/7_Kandersteg_Wasserfall-1024x683.jpg 1024w, https:\/\/switzerlandbylocals.com\/wp-content\/uploads\/2023\/01\/7_Kandersteg_Wasserfall-300x200.jpg 300w, https:\/\/switzerlandbylocals.com\/wp-content\/uploads\/2023\/01\/7_Kandersteg_Wasserfall-768x512.jpg 768w, https:\/\/switzerlandbylocals.com\/wp-content\/uploads\/2023\/01\/7_Kandersteg_Wasserfall-1536x1024.jpg 1536w, https:\/\/switzerlandbylocals.com\/wp-content\/uploads\/2023\/01\/7_Kandersteg_Wasserfall.jpg 1920w\" sizes=\"(max-width: 1024px) 100vw, 1024px\" \/><\/p>\n<h3><strong>Kandersteg<\/strong><\/h3>\n<p>Bien s\u00fbr, Kandersteg lui-m\u00eame est \u00e9galement un point fort. Parce que le village de montagne dans l&rsquo;Oberland bernois, construit avec de nombreuses maisons de chalet, a un charme incomparable. Surtout dans le centre du village, il y a divers endroits pour prendre des photos, qui sont d\u00e9j\u00e0 devenus viraux sur Instagram, comme la Kander (rivi\u00e8re) avec l&rsquo;\u00e9glise et les montagnes en arri\u00e8re-plan.<\/p>\n<p>Si vous le souhaitez, vous pouvez s\u00e9journer dans le village dans l&rsquo;un des h\u00f4tels bien not\u00e9s ou m\u00eame commander quelque chose de d\u00e9licieux au restaurant. Comme vous pouvez le voir, il ne sera jamais ennuyeux \u00e0 Kandersteg et dans les environs car il y a tellement d&rsquo;endroits \u00e0 visiter et d&rsquo;activit\u00e9s \u00e0 d\u00e9couvrir.<\/p>\n<p><img loading=\"lazy\" decoding=\"async\" class=\"aligncenter wp-image-13113 size-large\" title=\"Kandersteg\" src=\"https:\/\/switzerlandbylocals.com\/wp-content\/uploads\/2023\/01\/8_Kandersteg-1024x683.jpg\" alt=\"Kandersteg\" width=\"1024\" height=\"683\" srcset=\"https:\/\/switzerlandbylocals.com\/wp-content\/uploads\/2023\/01\/8_Kandersteg-1024x683.jpg 1024w, https:\/\/switzerlandbylocals.com\/wp-content\/uploads\/2023\/01\/8_Kandersteg-300x200.jpg 300w, https:\/\/switzerlandbylocals.com\/wp-content\/uploads\/2023\/01\/8_Kandersteg-768x512.jpg 768w, https:\/\/switzerlandbylocals.com\/wp-content\/uploads\/2023\/01\/8_Kandersteg-1536x1024.jpg 1536w, https:\/\/switzerlandbylocals.com\/wp-content\/uploads\/2023\/01\/8_Kandersteg.jpg 1920w\" sizes=\"(max-width: 1024px) 100vw, 1024px\" \/> <img loading=\"lazy\" decoding=\"async\" class=\"aligncenter wp-image-13115 size-large\" title=\"Kandersteg\" src=\"https:\/\/switzerlandbylocals.com\/wp-content\/uploads\/2023\/01\/9_Restaurant_Kandersteg-1024x683.jpg\" alt=\"Kandersteg\" width=\"1024\" height=\"683\" srcset=\"https:\/\/switzerlandbylocals.com\/wp-content\/uploads\/2023\/01\/9_Restaurant_Kandersteg-1024x683.jpg 1024w, https:\/\/switzerlandbylocals.com\/wp-content\/uploads\/2023\/01\/9_Restaurant_Kandersteg-300x200.jpg 300w, https:\/\/switzerlandbylocals.com\/wp-content\/uploads\/2023\/01\/9_Restaurant_Kandersteg-768x512.jpg 768w, https:\/\/switzerlandbylocals.com\/wp-content\/uploads\/2023\/01\/9_Restaurant_Kandersteg-1536x1024.jpg 1536w, https:\/\/switzerlandbylocals.com\/wp-content\/uploads\/2023\/01\/9_Restaurant_Kandersteg.jpg 1920w\" sizes=\"(max-width: 1024px) 100vw, 1024px\" \/><\/p>\n","protected":false},"excerpt":{"rendered":"<p>Discover 9 places to visit around Kandersteg &#8211; with insider tips.<\/p>\n","protected":false},"author":1,"featured_media":14165,"comment_status":"closed","ping_status":"closed","sticky":false,"template":"","format":"standard","meta":{"footnotes":""},"categories":[175,192],"tags":[],"class_list":["post-14155","post","type-post","status-publish","format-standard","has-post-thumbnail","hentry","category-non-classifiee","category-tourisme"],"yoast_head":"<!-- This site is optimized with the Yoast SEO plugin v27.5 - https:\/\/yoast.com\/product\/yoast-seo-wordpress\/ -->\n<title>9 endroits de r\u00eave autour de Kandersteg - Switzerland by Locals<\/title>\n<meta name=\"robots\" content=\"index, follow, max-snippet:-1, max-image-preview:large, max-video-preview:-1\" \/>\n<link rel=\"canonical\" href=\"https:\/\/switzerlandbylocals.com\/en\/?p=14655\" \/>\n<meta property=\"og:locale\" content=\"fr_FR\" \/>\n<meta property=\"og:type\" content=\"article\" \/>\n<meta property=\"og:title\" content=\"9 endroits de r\u00eave autour de Kandersteg - Switzerland by Locals\" \/>\n<meta property=\"og:description\" content=\"Discover 9 places to visit around Kandersteg - with insider tips.\" \/>\n<meta property=\"og:url\" content=\"https:\/\/switzerlandbylocals.com\/en\/?p=14655\" \/>\n<meta property=\"og:site_name\" content=\"Switzerland by Locals\" \/>\n<meta property=\"article:published_time\" content=\"2023-10-27T09:09:01+00:00\" \/>\n<meta property=\"og:image\" content=\"https:\/\/switzerlandbylocals.com\/wp-content\/uploads\/2023\/01\/Titelbild_Chalet_Kandersteg-e1687015336663.jpg\" \/>\n\t<meta property=\"og:image:width\" content=\"1024\" \/>\n\t<meta property=\"og:image:height\" content=\"683\" \/>\n\t<meta property=\"og:image:type\" content=\"image\/jpeg\" \/>\n<meta name=\"author\" content=\"marc.gottw\" \/>\n<meta name=\"twitter:card\" content=\"summary_large_image\" \/>\n<meta name=\"twitter:label1\" content=\"\u00c9crit par\" \/>\n\t<meta name=\"twitter:data1\" content=\"marc.gottw\" \/>\n\t<meta name=\"twitter:label2\" content=\"Dur\u00e9e de lecture estim\u00e9e\" \/>\n\t<meta name=\"twitter:data2\" content=\"8 minutes\" \/>\n<script type=\"application\/ld+json\" class=\"yoast-schema-graph\">{\"@context\":\"https:\\\/\\\/schema.org\",\"@graph\":[{\"@type\":\"Article\",\"@id\":\"https:\\\/\\\/switzerlandbylocals.com\\\/en\\\/?p=14655#article\",\"isPartOf\":{\"@id\":\"https:\\\/\\\/switzerlandbylocals.com\\\/en\\\/?p=14655\"},\"author\":{\"name\":\"marc.gottw\",\"@id\":\"https:\\\/\\\/switzerlandbylocals.com\\\/en\\\/#\\\/schema\\\/person\\\/b9faf460227b0d1bc55783dbe9b8f4e2\"},\"headline\":\"9 endroits de r\u00eave autour de Kandersteg\",\"datePublished\":\"2023-10-27T09:09:01+00:00\",\"mainEntityOfPage\":{\"@id\":\"https:\\\/\\\/switzerlandbylocals.com\\\/en\\\/?p=14655\"},\"wordCount\":1327,\"publisher\":{\"@id\":\"https:\\\/\\\/switzerlandbylocals.com\\\/en\\\/#organization\"},\"image\":{\"@id\":\"https:\\\/\\\/switzerlandbylocals.com\\\/en\\\/?p=14655#primaryimage\"},\"thumbnailUrl\":\"https:\\\/\\\/switzerlandbylocals.com\\\/wp-content\\\/uploads\\\/2023\\\/01\\\/Titelbild_Chalet_Kandersteg-e1687015336663.jpg\",\"articleSection\":[\"Non classifi\u00e9(e)\",\"Tourisme\"],\"inLanguage\":\"fr-FR\"},{\"@type\":\"WebPage\",\"@id\":\"https:\\\/\\\/switzerlandbylocals.com\\\/en\\\/?p=14655\",\"url\":\"https:\\\/\\\/switzerlandbylocals.com\\\/en\\\/?p=14655\",\"name\":\"9 endroits de r\u00eave autour de Kandersteg - Switzerland by Locals\",\"isPartOf\":{\"@id\":\"https:\\\/\\\/switzerlandbylocals.com\\\/en\\\/#website\"},\"primaryImageOfPage\":{\"@id\":\"https:\\\/\\\/switzerlandbylocals.com\\\/en\\\/?p=14655#primaryimage\"},\"image\":{\"@id\":\"https:\\\/\\\/switzerlandbylocals.com\\\/en\\\/?p=14655#primaryimage\"},\"thumbnailUrl\":\"https:\\\/\\\/switzerlandbylocals.com\\\/wp-content\\\/uploads\\\/2023\\\/01\\\/Titelbild_Chalet_Kandersteg-e1687015336663.jpg\",\"datePublished\":\"2023-10-27T09:09:01+00:00\",\"breadcrumb\":{\"@id\":\"https:\\\/\\\/switzerlandbylocals.com\\\/en\\\/?p=14655#breadcrumb\"},\"inLanguage\":\"fr-FR\",\"potentialAction\":[{\"@type\":\"ReadAction\",\"target\":[\"https:\\\/\\\/switzerlandbylocals.com\\\/en\\\/?p=14655\"]}]},{\"@type\":\"ImageObject\",\"inLanguage\":\"fr-FR\",\"@id\":\"https:\\\/\\\/switzerlandbylocals.com\\\/en\\\/?p=14655#primaryimage\",\"url\":\"https:\\\/\\\/switzerlandbylocals.com\\\/wp-content\\\/uploads\\\/2023\\\/01\\\/Titelbild_Chalet_Kandersteg-e1687015336663.jpg\",\"contentUrl\":\"https:\\\/\\\/switzerlandbylocals.com\\\/wp-content\\\/uploads\\\/2023\\\/01\\\/Titelbild_Chalet_Kandersteg-e1687015336663.jpg\",\"width\":1024,\"height\":683},{\"@type\":\"BreadcrumbList\",\"@id\":\"https:\\\/\\\/switzerlandbylocals.com\\\/en\\\/?p=14655#breadcrumb\",\"itemListElement\":[{\"@type\":\"ListItem\",\"position\":1,\"name\":\"Startseite\",\"item\":\"https:\\\/\\\/switzerlandbylocals.com\\\/fr\\\/\"},{\"@type\":\"ListItem\",\"position\":2,\"name\":\"9 endroits de r\u00eave autour de Kandersteg\"}]},{\"@type\":\"WebSite\",\"@id\":\"https:\\\/\\\/switzerlandbylocals.com\\\/en\\\/#website\",\"url\":\"https:\\\/\\\/switzerlandbylocals.com\\\/en\\\/\",\"name\":\"Switzerland by Locals\",\"description\":\"\",\"publisher\":{\"@id\":\"https:\\\/\\\/switzerlandbylocals.com\\\/en\\\/#organization\"},\"potentialAction\":[{\"@type\":\"SearchAction\",\"target\":{\"@type\":\"EntryPoint\",\"urlTemplate\":\"https:\\\/\\\/switzerlandbylocals.com\\\/en\\\/?s={search_term_string}\"},\"query-input\":{\"@type\":\"PropertyValueSpecification\",\"valueRequired\":true,\"valueName\":\"search_term_string\"}}],\"inLanguage\":\"fr-FR\"},{\"@type\":\"Organization\",\"@id\":\"https:\\\/\\\/switzerlandbylocals.com\\\/en\\\/#organization\",\"name\":\"Switzerland by Locals\",\"url\":\"https:\\\/\\\/switzerlandbylocals.com\\\/en\\\/\",\"logo\":{\"@type\":\"ImageObject\",\"inLanguage\":\"fr-FR\",\"@id\":\"https:\\\/\\\/switzerlandbylocals.com\\\/en\\\/#\\\/schema\\\/logo\\\/image\\\/\",\"url\":\"https:\\\/\\\/switzerlandbylocals.com\\\/wp-content\\\/uploads\\\/2021\\\/02\\\/Logo-V1.png\",\"contentUrl\":\"https:\\\/\\\/switzerlandbylocals.com\\\/wp-content\\\/uploads\\\/2021\\\/02\\\/Logo-V1.png\",\"width\":2551,\"height\":667,\"caption\":\"Switzerland by Locals\"},\"image\":{\"@id\":\"https:\\\/\\\/switzerlandbylocals.com\\\/en\\\/#\\\/schema\\\/logo\\\/image\\\/\"}},{\"@type\":\"Person\",\"@id\":\"https:\\\/\\\/switzerlandbylocals.com\\\/en\\\/#\\\/schema\\\/person\\\/b9faf460227b0d1bc55783dbe9b8f4e2\",\"name\":\"marc.gottw\",\"image\":{\"@type\":\"ImageObject\",\"inLanguage\":\"fr-FR\",\"@id\":\"https:\\\/\\\/secure.gravatar.com\\\/avatar\\\/a010e12fdaac30d8115e19dbfd8f2f11effce8fce40a6046b2652155e2590b41?s=96&d=mm&r=g\",\"url\":\"https:\\\/\\\/secure.gravatar.com\\\/avatar\\\/a010e12fdaac30d8115e19dbfd8f2f11effce8fce40a6046b2652155e2590b41?s=96&d=mm&r=g\",\"contentUrl\":\"https:\\\/\\\/secure.gravatar.com\\\/avatar\\\/a010e12fdaac30d8115e19dbfd8f2f11effce8fce40a6046b2652155e2590b41?s=96&d=mm&r=g\",\"caption\":\"marc.gottw\"},\"url\":\"https:\\\/\\\/switzerlandbylocals.com\\\/fr\\\/author\\\/marc-gottw\\\/\"}]}<\/script>\n<!-- \/ Yoast SEO plugin. -->","yoast_head_json":{"title":"9 endroits de r\u00eave autour de Kandersteg - Switzerland by Locals","robots":{"index":"index","follow":"follow","max-snippet":"max-snippet:-1","max-image-preview":"max-image-preview:large","max-video-preview":"max-video-preview:-1"},"canonical":"https:\/\/switzerlandbylocals.com\/en\/?p=14655","og_locale":"fr_FR","og_type":"article","og_title":"9 endroits de r\u00eave autour de Kandersteg - Switzerland by Locals","og_description":"Discover 9 places to visit around Kandersteg - with insider tips.","og_url":"https:\/\/switzerlandbylocals.com\/en\/?p=14655","og_site_name":"Switzerland by Locals","article_published_time":"2023-10-27T09:09:01+00:00","og_image":[{"width":1024,"height":683,"url":"https:\/\/switzerlandbylocals.com\/wp-content\/uploads\/2023\/01\/Titelbild_Chalet_Kandersteg-e1687015336663.jpg","type":"image\/jpeg"}],"author":"marc.gottw","twitter_card":"summary_large_image","twitter_misc":{"\u00c9crit par":"marc.gottw","Dur\u00e9e de lecture estim\u00e9e":"8 minutes"},"schema":{"@context":"https:\/\/schema.org","@graph":[{"@type":"Article","@id":"https:\/\/switzerlandbylocals.com\/en\/?p=14655#article","isPartOf":{"@id":"https:\/\/switzerlandbylocals.com\/en\/?p=14655"},"author":{"name":"marc.gottw","@id":"https:\/\/switzerlandbylocals.com\/en\/#\/schema\/person\/b9faf460227b0d1bc55783dbe9b8f4e2"},"headline":"9 endroits de r\u00eave autour de Kandersteg","datePublished":"2023-10-27T09:09:01+00:00","mainEntityOfPage":{"@id":"https:\/\/switzerlandbylocals.com\/en\/?p=14655"},"wordCount":1327,"publisher":{"@id":"https:\/\/switzerlandbylocals.com\/en\/#organization"},"image":{"@id":"https:\/\/switzerlandbylocals.com\/en\/?p=14655#primaryimage"},"thumbnailUrl":"https:\/\/switzerlandbylocals.com\/wp-content\/uploads\/2023\/01\/Titelbild_Chalet_Kandersteg-e1687015336663.jpg","articleSection":["Non classifi\u00e9(e)","Tourisme"],"inLanguage":"fr-FR"},{"@type":"WebPage","@id":"https:\/\/switzerlandbylocals.com\/en\/?p=14655","url":"https:\/\/switzerlandbylocals.com\/en\/?p=14655","name":"9 endroits de r\u00eave autour de Kandersteg - Switzerland by Locals","isPartOf":{"@id":"https:\/\/switzerlandbylocals.com\/en\/#website"},"primaryImageOfPage":{"@id":"https:\/\/switzerlandbylocals.com\/en\/?p=14655#primaryimage"},"image":{"@id":"https:\/\/switzerlandbylocals.com\/en\/?p=14655#primaryimage"},"thumbnailUrl":"https:\/\/switzerlandbylocals.com\/wp-content\/uploads\/2023\/01\/Titelbild_Chalet_Kandersteg-e1687015336663.jpg","datePublished":"2023-10-27T09:09:01+00:00","breadcrumb":{"@id":"https:\/\/switzerlandbylocals.com\/en\/?p=14655#breadcrumb"},"inLanguage":"fr-FR","potentialAction":[{"@type":"ReadAction","target":["https:\/\/switzerlandbylocals.com\/en\/?p=14655"]}]},{"@type":"ImageObject","inLanguage":"fr-FR","@id":"https:\/\/switzerlandbylocals.com\/en\/?p=14655#primaryimage","url":"https:\/\/switzerlandbylocals.com\/wp-content\/uploads\/2023\/01\/Titelbild_Chalet_Kandersteg-e1687015336663.jpg","contentUrl":"https:\/\/switzerlandbylocals.com\/wp-content\/uploads\/2023\/01\/Titelbild_Chalet_Kandersteg-e1687015336663.jpg","width":1024,"height":683},{"@type":"BreadcrumbList","@id":"https:\/\/switzerlandbylocals.com\/en\/?p=14655#breadcrumb","itemListElement":[{"@type":"ListItem","position":1,"name":"Startseite","item":"https:\/\/switzerlandbylocals.com\/fr\/"},{"@type":"ListItem","position":2,"name":"9 endroits de r\u00eave autour de Kandersteg"}]},{"@type":"WebSite","@id":"https:\/\/switzerlandbylocals.com\/en\/#website","url":"https:\/\/switzerlandbylocals.com\/en\/","name":"Switzerland by Locals","description":"","publisher":{"@id":"https:\/\/switzerlandbylocals.com\/en\/#organization"},"potentialAction":[{"@type":"SearchAction","target":{"@type":"EntryPoint","urlTemplate":"https:\/\/switzerlandbylocals.com\/en\/?s={search_term_string}"},"query-input":{"@type":"PropertyValueSpecification","valueRequired":true,"valueName":"search_term_string"}}],"inLanguage":"fr-FR"},{"@type":"Organization","@id":"https:\/\/switzerlandbylocals.com\/en\/#organization","name":"Switzerland by Locals","url":"https:\/\/switzerlandbylocals.com\/en\/","logo":{"@type":"ImageObject","inLanguage":"fr-FR","@id":"https:\/\/switzerlandbylocals.com\/en\/#\/schema\/logo\/image\/","url":"https:\/\/switzerlandbylocals.com\/wp-content\/uploads\/2021\/02\/Logo-V1.png","contentUrl":"https:\/\/switzerlandbylocals.com\/wp-content\/uploads\/2021\/02\/Logo-V1.png","width":2551,"height":667,"caption":"Switzerland by Locals"},"image":{"@id":"https:\/\/switzerlandbylocals.com\/en\/#\/schema\/logo\/image\/"}},{"@type":"Person","@id":"https:\/\/switzerlandbylocals.com\/en\/#\/schema\/person\/b9faf460227b0d1bc55783dbe9b8f4e2","name":"marc.gottw","image":{"@type":"ImageObject","inLanguage":"fr-FR","@id":"https:\/\/secure.gravatar.com\/avatar\/a010e12fdaac30d8115e19dbfd8f2f11effce8fce40a6046b2652155e2590b41?s=96&d=mm&r=g","url":"https:\/\/secure.gravatar.com\/avatar\/a010e12fdaac30d8115e19dbfd8f2f11effce8fce40a6046b2652155e2590b41?s=96&d=mm&r=g","contentUrl":"https:\/\/secure.gravatar.com\/avatar\/a010e12fdaac30d8115e19dbfd8f2f11effce8fce40a6046b2652155e2590b41?s=96&d=mm&r=g","caption":"marc.gottw"},"url":"https:\/\/switzerlandbylocals.com\/fr\/author\/marc-gottw\/"}]}},"_links":{"self":[{"href":"https:\/\/switzerlandbylocals.com\/fr\/wp-json\/wp\/v2\/posts\/14155","targetHints":{"allow":["GET"]}}],"collection":[{"href":"https:\/\/switzerlandbylocals.com\/fr\/wp-json\/wp\/v2\/posts"}],"about":[{"href":"https:\/\/switzerlandbylocals.com\/fr\/wp-json\/wp\/v2\/types\/post"}],"author":[{"embeddable":true,"href":"https:\/\/switzerlandbylocals.com\/fr\/wp-json\/wp\/v2\/users\/1"}],"replies":[{"embeddable":true,"href":"https:\/\/switzerlandbylocals.com\/fr\/wp-json\/wp\/v2\/comments?post=14155"}],"version-history":[{"count":1,"href":"https:\/\/switzerlandbylocals.com\/fr\/wp-json\/wp\/v2\/posts\/14155\/revisions"}],"predecessor-version":[{"id":14166,"href":"https:\/\/switzerlandbylocals.com\/fr\/wp-json\/wp\/v2\/posts\/14155\/revisions\/14166"}],"wp:featuredmedia":[{"embeddable":true,"href":"https:\/\/switzerlandbylocals.com\/fr\/wp-json\/wp\/v2\/media\/14165"}],"wp:attachment":[{"href":"https:\/\/switzerlandbylocals.com\/fr\/wp-json\/wp\/v2\/media?parent=14155"}],"wp:term":[{"taxonomy":"category","embeddable":true,"href":"https:\/\/switzerlandbylocals.com\/fr\/wp-json\/wp\/v2\/categories?post=14155"},{"taxonomy":"post_tag","embeddable":true,"href":"https:\/\/switzerlandbylocals.com\/fr\/wp-json\/wp\/v2\/tags?post=14155"}],"curies":[{"name":"wp","href":"https:\/\/api.w.org\/{rel}","templated":true}]}}