{"id":15800,"date":"2023-12-02T18:42:52","date_gmt":"2023-12-02T18:42:52","guid":{"rendered":"https:\/\/switzerlandbylocals.com\/?p=15800"},"modified":"2023-12-02T19:01:32","modified_gmt":"2023-12-02T19:01:32","slug":"randonnee-culinaire-entre-st-gall-et-le-lac-de-constance","status":"publish","type":"post","link":"https:\/\/switzerlandbylocals.com\/fr\/randonnee-culinaire-entre-st-gall-et-le-lac-de-constance\/","title":{"rendered":"Randonn\u00e9e culinaire entre St-Gall et le lac de Constance"},"content":{"rendered":"\t\t<div data-elementor-type=\"wp-post\" data-elementor-id=\"15800\" class=\"elementor elementor-15800\" data-elementor-post-type=\"post\">\n\t\t\t\t\t\t<section class=\"elementor-section elementor-top-section elementor-element elementor-element-70ca2df1 elementor-section-boxed elementor-section-height-default elementor-section-height-default\" data-id=\"70ca2df1\" data-element_type=\"section\" data-e-type=\"section\">\n\t\t\t\t\t\t<div class=\"elementor-container elementor-column-gap-default\">\n\t\t\t\t\t<div class=\"elementor-column elementor-col-100 elementor-top-column elementor-element elementor-element-2b7e8a4c\" data-id=\"2b7e8a4c\" data-element_type=\"column\" data-e-type=\"column\">\n\t\t\t<div class=\"elementor-widget-wrap elementor-element-populated\">\n\t\t\t\t\t\t<div class=\"elementor-element elementor-element-3e716dc6 elementor-widget elementor-widget-text-editor\" data-id=\"3e716dc6\" data-element_type=\"widget\" data-e-type=\"widget\" data-widget_type=\"text-editor.default\">\n\t\t\t\t<div class=\"elementor-widget-container\">\n\t\t\t\t\t\t\t\t\t<p><strong>\u00c0 proximit\u00e9 de St.Gallen, une randonn\u00e9e \u00e0 couper le souffle avec des d\u00e9lices culinaires et une vue fantastique sur le lac de Constance vous attend (partenariat payant).<\/strong><\/p><p>Texte et photos de Marc Gottwald<\/p><p>D\u00e9part : Arr\u00eat de bus St.Gallen, Martinsbr\u00fccke<\/p><p>Destination : Gare ferroviaire de Rheineck<\/p><p>Quand ? Toute l&rsquo;ann\u00e9e, du mercredi au dimanche<\/p><p>Dur\u00e9e : Environ 8h au total avec les repas ; 5,5h de randonn\u00e9e<\/p><p>Longueur et d\u00e9nivel\u00e9 : Parcours de 17,9 km ; 616 m\u00e8tres de d\u00e9nivel\u00e9 positif et 786 m\u00e8tres de d\u00e9nivel\u00e9 n\u00e9gatif.<\/p><p>Co\u00fbt : 55 CHF pour 3 plats dans 3 restaurants diff\u00e9rents, boissons non incluses (menus viande et v\u00e9g\u00e9tarien disponibles). R\u00e9servation directement sur la <a href=\"https:\/\/st.gallen-bodensee.ch\/fr\/accueil\/stories-offres.html\" target=\"_blank\" rel=\"noopener\">page d&rsquo;accueil<\/a> de St.Gallen Bodensee-Tourismus.<\/p><h2><strong>Le m\u00e9lange parfait pour les amateurs de randonn\u00e9e et de gastronomie<\/strong><\/h2><p>Vous aimez la randonn\u00e9e et la gastronomie ? Alors nous avons l&rsquo;exp\u00e9rience parfaite pour vous. Car l&rsquo;un n&rsquo;exclut pas l&rsquo;autre. L&rsquo;une des randonn\u00e9es les plus savoureuses de Suisse commence tr\u00e8s pr\u00e8s de St.Gallen &#8211; la randonn\u00e9e culinaire \u00ab\u00a0d&rsquo;un plat \u00e0 l&rsquo;autre\u00a0\u00bb.<br \/>Pendant la randonn\u00e9e de 5,5 heures (8 heures avec les repas), vous visiterez trois restaurants au total et d\u00e9gusterez des entr\u00e9es, des plats principaux et des desserts. Ce ne sont pas seulement les moments gastronomiques qui vous feront r\u00eaver, mais aussi la vue sur le lac de Constance et le paysage idyllique, d&rsquo;un vert \u00e9clatant, comme dans un livre d&rsquo;images, vous enchanteront.<\/p><h2><strong>D\u00e9but de la randonn\u00e9e gastronomique \u00e0 la Martinsbr\u00fccke<\/strong><\/h2><p>La randonn\u00e9e commence vers 9 heures \u00e0 l&rsquo;arr\u00eat de bus \u00ab\u00a0St.Gallen, Martinsbr\u00fccke\u00a0\u00bb. Il est conseill\u00e9 de venir en transport en commun, car le point d&rsquo;arriv\u00e9e de la randonn\u00e9e est assez \u00e9loign\u00e9 \u00e0 \u00ab\u00a0Rheineck\u00a0\u00bb. Vous avez environ 2h15min jusqu&rsquo;au premier arr\u00eat, le Landgasthaus B\u00e4ren \u00e0 Grub.<\/p><p>Depuis l&rsquo;arr\u00eat de bus \u00ab\u00a0St.Gallen, Martinsbr\u00fccke\u00a0\u00bb, le sentier de randonn\u00e9e grimpe d&rsquo;abord d&rsquo;environ 300 m\u00e8tres sur la colline, le long d&rsquo;un ancien cordon morainique d&rsquo;un glacier datant de l&rsquo;\u00e8re glaciaire il y a environ 20 000 ans. Oui, le paysage r\u00e9v\u00e8le une histoire passionnante des mill\u00e9naires pass\u00e9s. Si vous appr\u00e9ciez la vue, vous pourrez \u00e9galement apercevoir les nombreux petits monticules, appel\u00e9s drumlins. Ceux-ci sont particuli\u00e8rement pr\u00e9sents dans la r\u00e9gion de St.Gallen\/Appenzell et donnent \u00e0 la r\u00e9gion un charme incroyable.<\/p><p>\u00c0 part une mont\u00e9e juste avant le premier restaurant, le terrain est principalement plat et confortable. Arriv\u00e9 vers 11h15 au Landgasthaus B\u00e4ren (Halten 112, 9035 Grub), vous aurez le choix entre une salade appenzelloise avec Mostbr\u00f6ckli (viande s\u00e9ch\u00e9e de cheval ou de vache), des pommes de terre, un \u0153uf ainsi que du fromage ou de d\u00e9licieux macaronis avec Pantle (sorte de Landj\u00e4ger), des l\u00e9gumes et du fromage gratin\u00e9. Si quelqu&rsquo;un est v\u00e9g\u00e9tarien, cela doit \u00eatre pr\u00e9cis\u00e9 avant de commander pour que la viande soit omise. Les plats arrivent tr\u00e8s rapidement et sont un v\u00e9ritable moment fort pour tout amateur de gastronomie.<\/p><p><img fetchpriority=\"high\" decoding=\"async\" src=\"https:\/\/switzerlandbylocals.com\/wp-content\/uploads\/2021\/11\/Foto1Kuehe_Genusswanderung.jpg\" alt=\"\" width=\"1024\" height=\"683\" \/><br \/><img decoding=\"async\" class=\"alignnone\" src=\"https:\/\/switzerlandbylocals.com\/wp-content\/uploads\/2021\/11\/Foto1.2_Morgenstimmung.jpg\" alt=\"Randonn\u00e9e gastronomique de plat en plat.\" width=\"1024\" height=\"683\" \/><br \/><img decoding=\"async\" src=\"https:\/\/switzerlandbylocals.com\/wp-content\/uploads\/2021\/11\/Foto2-1.jpg\" alt=\"\" width=\"1024\" height=\"683\" \/><br \/><img loading=\"lazy\" decoding=\"async\" src=\"https:\/\/switzerlandbylocals.com\/wp-content\/uploads\/2021\/11\/Foto3_Landgasthaus-Baeren-Grub.jpg\" alt=\"\" width=\"1024\" height=\"683\" \/><br \/><img loading=\"lazy\" decoding=\"async\" src=\"https:\/\/switzerlandbylocals.com\/wp-content\/uploads\/2021\/11\/Foto4Vorspeise_Genusswanderung.jpg\" alt=\"\" width=\"1024\" height=\"683\" \/><\/p><h2><strong>Apr\u00e8s l&rsquo;entr\u00e9e, passons au plat principal<\/strong><\/h2><p>Ensuite, il faut environ 50 minutes pour marcher \u00e0 travers une belle for\u00eat jusqu&rsquo;\u00e0 la plaine, vers le prochain arr\u00eat, la Wirtschaft Rossb\u00fcchel (Rossb\u00fcchel 416, 9036 Grub). La mont\u00e9e en particulier vous donne encore plus envie du plat principal, mais les petits efforts sont vite oubli\u00e9s. Car la vue qui vous attend l\u00e0-bas ne peut \u00eatre d\u00e9crite en mots. L&rsquo;aper\u00e7u du gigantesque <a href=\"https:\/\/www.myswitzerland.com\/fr\/destinations\/lac-de-constance\/\" target=\"_blank\" rel=\"noopener\">lac de Constance<\/a> et des pays voisins de l&rsquo;Autriche et de l&rsquo;Allemagne transformeront n&rsquo;importe qui en r\u00eaveur et romantique.<br \/>Selon l&rsquo;itin\u00e9raire, vous devriez arriver vers 13h15. Mais m\u00eame si vous arrivez plus t\u00f4t, vous aurez votre plat principal bien m\u00e9rit\u00e9. Vous pouvez choisir soit les \u00ab\u00a0Lachsknusperli\u00a0\u00bb avec de la salade et une sauce tartare, soit la version v\u00e9g\u00e9tarienne \u00ab\u00a0K\u00e4sesp\u00e4tzli\u00a0\u00bb avec des oignons r\u00f4tis.<\/p><p>Soyons honn\u00eates : avec cette vue et cette d\u00e9licieuse nourriture, vous pourriez rester toute la journ\u00e9e. Mais apr\u00e8s le d\u00e9jeuner, le dessert vous attend toujours. Il est vrai que, surtout si vous avez choisi les macaronis au fromage, vous pouvez encore attendre un peu. Mais ne vous inqui\u00e9tez pas, il vous faudra encore environ 1h20 pour atteindre le prochain arr\u00eat. Le chemin descend pratiquement tout le temps.<\/p><p><img loading=\"lazy\" decoding=\"async\" class=\"alignnone\" src=\"https:\/\/switzerlandbylocals.com\/wp-content\/uploads\/2021\/11\/Foto5_Aussicht_Fuenflaenderblick.jpg\" alt=\"La randonn\u00e9e gastronomique offre une vue parfaite au F\u00fcnfl\u00e4nderblick.\" width=\"1024\" height=\"683\" \/><br \/><img loading=\"lazy\" decoding=\"async\" src=\"https:\/\/switzerlandbylocals.com\/wp-content\/uploads\/2021\/11\/Foto6_Rossbuechel.jpg\" alt=\"\" width=\"1024\" height=\"683\" \/><br \/><img loading=\"lazy\" decoding=\"async\" class=\"alignnone\" src=\"https:\/\/switzerlandbylocals.com\/wp-content\/uploads\/2021\/11\/Foto7_Hauptgang_Kulinarische-Wanderung.jpg\" alt=\"Plat principal de la randonn\u00e9e gastronomique.\" width=\"1024\" height=\"683\" \/><br \/><img loading=\"lazy\" decoding=\"async\" src=\"https:\/\/switzerlandbylocals.com\/wp-content\/uploads\/2021\/11\/Foto8_-Kulinarische-Wanderung_Hauptgang2.jpg\" alt=\"\" width=\"1024\" height=\"683\" \/><br \/><img loading=\"lazy\" decoding=\"async\" class=\"alignnone\" src=\"https:\/\/switzerlandbylocals.com\/wp-content\/uploads\/2021\/11\/Foto9_Fuenflaenderblick2.jpg\" alt=\"Vue magnifique lors de la randonn\u00e9e gastronomique vers le lac de Constance.\" width=\"1024\" height=\"683\" \/><\/p><h2><strong>Le F\u00fcnfl\u00e4nderblick &#8211; un r\u00eave au-dessus du lac de Constance<\/strong><\/h2><p>Mais d&rsquo;abord, vous marchez le long de l&rsquo;ancien cordon morainique du glacier depuis le restaurant pendant environ cinq minutes en direction du F\u00fcnfl\u00e4nderblick, o\u00f9 s&rsquo;ouvre un panorama parfait sur le lac de Constance. Vous vous demandez probablement quels sont les cinq pays que l&rsquo;on peut voir ici. En fait, les \u00c9tats allemands du Bade, du Wurtemberg et de la Bavi\u00e8re \u00e9taient autrefois consid\u00e9r\u00e9s comme des pays s\u00e9par\u00e9s. De plus, ils sont rejoints par des vues sur l&rsquo;Autriche et la Suisse. Pour moi, cette section est le point culminant d&rsquo;un point de vue sc\u00e9nique. Il vaut vraiment la peine de prendre un peu de temps et de profiter pleinement de la vue.<br \/>La derni\u00e8re destination d&rsquo;excursion appel\u00e9e Steiniger Tisch (Felsenstrasse 4, 9422 Staad SG) peut \u00eatre atteinte en environ 1h20 minutes. Ici, vous \u00eates g\u00e2t\u00e9 entre un d\u00e9licieux strudel aux pommes avec de la cr\u00e8me ou un g\u00e2teau de saison du jour. En automne, nous avions le choix entre un g\u00e2teau aux noix ou un cheesecake.<\/p><p>De cet endroit, vous avez \u00e9galement une vue imprenable sur le lac de Constance et l&rsquo;a\u00e9roport d&rsquo;Altenrhein ou, de l&rsquo;autre c\u00f4t\u00e9, sur la commune de Hengeten.<\/p><p>Dans la derni\u00e8re partie de la randonn\u00e9e gastronomique, vous suivrez le sentier depuis \u00ab\u00a0Steiniger Tisch\u00a0\u00bb en direction de Rheineck. De l\u00e0, des trains partent quotidiennement pendant la journ\u00e9e vers St.Gallen (toujours \u00e0 xx:24, xx40, xx56 (\u00e0 partir de 2021)). Pour plus de s\u00fbret\u00e9, veuillez v\u00e9rifier votre correspondance exacte sur l&rsquo;application SBB.<\/p><p><img loading=\"lazy\" decoding=\"async\" src=\"https:\/\/switzerlandbylocals.com\/wp-content\/uploads\/2021\/11\/Foto10_Aussicht2.jpg\" alt=\"\" width=\"1024\" height=\"683\" \/><br \/><img loading=\"lazy\" decoding=\"async\" src=\"https:\/\/switzerlandbylocals.com\/wp-content\/uploads\/2021\/11\/Foto11_Dessert_Kulinarische_Wanderung.jpg\" alt=\"\" width=\"1024\" height=\"683\" \/><br \/><img loading=\"lazy\" decoding=\"async\" src=\"https:\/\/switzerlandbylocals.com\/wp-content\/uploads\/2021\/11\/Foto12_Dessert_Kulinarische_Wanderung2.jpg\" alt=\"\" width=\"1024\" height=\"683\" \/><br \/><img loading=\"lazy\" decoding=\"async\" class=\"alignnone\" src=\"https:\/\/switzerlandbylocals.com\/wp-content\/uploads\/2021\/11\/Foto13_Aussicht.jpg\" alt=\"La randonn\u00e9e gastronomique offre un paysage digne d'une carte postale pr\u00e8s de St.Gallen.\" width=\"1024\" height=\"683\" \/><\/p><h2><strong>Conclusion de la randonn\u00e9e gastronomique \u00ab\u00a0De plat en plat\u00a0\u00bb<\/strong><\/h2><p>La randonn\u00e9e gastronomique \u00ab\u00a0De plat en plat\u00a0\u00bb est une randonn\u00e9e pleine de points forts gustatifs et pittoresques. La combinaison de plaisir et de randonn\u00e9e fait de cette excursion une destination parfaite pr\u00e8s de St.Gallen et du lac de Constance. Comme la r\u00e9gion a beaucoup plus \u00e0 offrir, il vaut \u00e9galement la peine de pr\u00e9voir une ou plusieurs nuit\u00e9es.PDF pour l&rsquo;itin\u00e9raire de la \u00ab\u00a0Randonn\u00e9e Gastronomique\u00a0\u00bb: ici<\/p><p>Itin\u00e9raire de randonn\u00e9e sur Switzerland Mobile: ici<\/p>\t\t\t\t\t\t\t\t<\/div>\n\t\t\t\t<\/div>\n\t\t\t\t\t<\/div>\n\t\t<\/div>\n\t\t\t\t\t<\/div>\n\t\t<\/section>\n\t\t\t\t<\/div>\n\t\t","protected":false},"excerpt":{"rendered":"<p>Culinary hike between St.Gallen and Lake Constance<\/p>\n","protected":false},"author":1,"featured_media":15801,"comment_status":"closed","ping_status":"closed","sticky":false,"template":"","format":"standard","meta":{"footnotes":""},"categories":[181,180,194,175,186,195],"tags":[],"class_list":["post-15800","post","type-post","status-publish","format-standard","has-post-thumbnail","hentry","category-excursions-fr","category-excursions-dun-jour","category-guides-de-voyage","category-non-classifiee","category-randonnee","category-villages-fr"],"yoast_head":"<!-- This site is optimized with the Yoast SEO plugin v27.5 - https:\/\/yoast.com\/product\/yoast-seo-wordpress\/ -->\n<title>Randonn\u00e9e culinaire entre St-Gall et le lac de Constance - Switzerland by Locals<\/title>\n<meta name=\"description\" content=\"Explorez les d\u00e9lices gastronomiques lors d&#039;une randonn\u00e9e inoubliable entre St-Gall et le lac de Constance.\" \/>\n<meta name=\"robots\" content=\"index, follow, max-snippet:-1, max-image-preview:large, max-video-preview:-1\" \/>\n<link rel=\"canonical\" href=\"https:\/\/switzerlandbylocals.com\/fr\/randonnee-culinaire-entre-st-gall-et-le-lac-de-constance\/\" \/>\n<meta property=\"og:locale\" content=\"fr_FR\" \/>\n<meta property=\"og:type\" content=\"article\" \/>\n<meta property=\"og:title\" content=\"Randonn\u00e9e culinaire entre St-Gall et le lac de Constance - Switzerland by Locals\" \/>\n<meta property=\"og:description\" content=\"Explorez les d\u00e9lices gastronomiques lors d&#039;une randonn\u00e9e inoubliable entre St-Gall et le lac de Constance.\" \/>\n<meta property=\"og:url\" content=\"https:\/\/switzerlandbylocals.com\/fr\/randonnee-culinaire-entre-st-gall-et-le-lac-de-constance\/\" \/>\n<meta property=\"og:site_name\" content=\"Switzerland by Locals\" \/>\n<meta property=\"article:published_time\" content=\"2023-12-02T18:42:52+00:00\" \/>\n<meta property=\"article:modified_time\" content=\"2023-12-02T19:01:32+00:00\" \/>\n<meta property=\"og:image\" content=\"https:\/\/switzerlandbylocals.com\/wp-content\/uploads\/2021\/11\/Titelbild_Fuenflaenderblick.jpg\" \/>\n\t<meta property=\"og:image:width\" content=\"1920\" \/>\n\t<meta property=\"og:image:height\" content=\"1280\" \/>\n\t<meta property=\"og:image:type\" content=\"image\/jpeg\" \/>\n<meta name=\"author\" content=\"marc.gottw\" \/>\n<meta name=\"twitter:card\" content=\"summary_large_image\" \/>\n<meta name=\"twitter:label1\" content=\"\u00c9crit par\" \/>\n\t<meta name=\"twitter:data1\" content=\"marc.gottw\" \/>\n\t<meta name=\"twitter:label2\" content=\"Dur\u00e9e de lecture estim\u00e9e\" \/>\n\t<meta name=\"twitter:data2\" content=\"7 minutes\" \/>\n<script type=\"application\/ld+json\" class=\"yoast-schema-graph\">{\"@context\":\"https:\\\/\\\/schema.org\",\"@graph\":[{\"@type\":\"Article\",\"@id\":\"https:\\\/\\\/switzerlandbylocals.com\\\/fr\\\/randonnee-culinaire-entre-st-gall-et-le-lac-de-constance\\\/#article\",\"isPartOf\":{\"@id\":\"https:\\\/\\\/switzerlandbylocals.com\\\/fr\\\/randonnee-culinaire-entre-st-gall-et-le-lac-de-constance\\\/\"},\"author\":{\"name\":\"marc.gottw\",\"@id\":\"https:\\\/\\\/switzerlandbylocals.com\\\/en\\\/#\\\/schema\\\/person\\\/b9faf460227b0d1bc55783dbe9b8f4e2\"},\"headline\":\"Randonn\u00e9e culinaire entre St-Gall et le lac de Constance\",\"datePublished\":\"2023-12-02T18:42:52+00:00\",\"dateModified\":\"2023-12-02T19:01:32+00:00\",\"mainEntityOfPage\":{\"@id\":\"https:\\\/\\\/switzerlandbylocals.com\\\/fr\\\/randonnee-culinaire-entre-st-gall-et-le-lac-de-constance\\\/\"},\"wordCount\":941,\"publisher\":{\"@id\":\"https:\\\/\\\/switzerlandbylocals.com\\\/en\\\/#organization\"},\"image\":{\"@id\":\"https:\\\/\\\/switzerlandbylocals.com\\\/fr\\\/randonnee-culinaire-entre-st-gall-et-le-lac-de-constance\\\/#primaryimage\"},\"thumbnailUrl\":\"https:\\\/\\\/switzerlandbylocals.com\\\/wp-content\\\/uploads\\\/2021\\\/11\\\/Titelbild_Fuenflaenderblick.jpg\",\"articleSection\":[\"Excursions\",\"Excursions d'un jour\",\"Guides de voyage\",\"Non classifi\u00e9(e)\",\"Randonn\u00e9e\",\"Villages\"],\"inLanguage\":\"fr-FR\"},{\"@type\":\"WebPage\",\"@id\":\"https:\\\/\\\/switzerlandbylocals.com\\\/fr\\\/randonnee-culinaire-entre-st-gall-et-le-lac-de-constance\\\/\",\"url\":\"https:\\\/\\\/switzerlandbylocals.com\\\/fr\\\/randonnee-culinaire-entre-st-gall-et-le-lac-de-constance\\\/\",\"name\":\"Randonn\u00e9e culinaire entre St-Gall et le lac de Constance - Switzerland by Locals\",\"isPartOf\":{\"@id\":\"https:\\\/\\\/switzerlandbylocals.com\\\/en\\\/#website\"},\"primaryImageOfPage\":{\"@id\":\"https:\\\/\\\/switzerlandbylocals.com\\\/fr\\\/randonnee-culinaire-entre-st-gall-et-le-lac-de-constance\\\/#primaryimage\"},\"image\":{\"@id\":\"https:\\\/\\\/switzerlandbylocals.com\\\/fr\\\/randonnee-culinaire-entre-st-gall-et-le-lac-de-constance\\\/#primaryimage\"},\"thumbnailUrl\":\"https:\\\/\\\/switzerlandbylocals.com\\\/wp-content\\\/uploads\\\/2021\\\/11\\\/Titelbild_Fuenflaenderblick.jpg\",\"datePublished\":\"2023-12-02T18:42:52+00:00\",\"dateModified\":\"2023-12-02T19:01:32+00:00\",\"description\":\"Explorez les d\u00e9lices gastronomiques lors d'une randonn\u00e9e inoubliable entre St-Gall et le lac de Constance.\",\"breadcrumb\":{\"@id\":\"https:\\\/\\\/switzerlandbylocals.com\\\/fr\\\/randonnee-culinaire-entre-st-gall-et-le-lac-de-constance\\\/#breadcrumb\"},\"inLanguage\":\"fr-FR\",\"potentialAction\":[{\"@type\":\"ReadAction\",\"target\":[\"https:\\\/\\\/switzerlandbylocals.com\\\/fr\\\/randonnee-culinaire-entre-st-gall-et-le-lac-de-constance\\\/\"]}]},{\"@type\":\"ImageObject\",\"inLanguage\":\"fr-FR\",\"@id\":\"https:\\\/\\\/switzerlandbylocals.com\\\/fr\\\/randonnee-culinaire-entre-st-gall-et-le-lac-de-constance\\\/#primaryimage\",\"url\":\"https:\\\/\\\/switzerlandbylocals.com\\\/wp-content\\\/uploads\\\/2021\\\/11\\\/Titelbild_Fuenflaenderblick.jpg\",\"contentUrl\":\"https:\\\/\\\/switzerlandbylocals.com\\\/wp-content\\\/uploads\\\/2021\\\/11\\\/Titelbild_Fuenflaenderblick.jpg\",\"width\":1920,\"height\":1280},{\"@type\":\"BreadcrumbList\",\"@id\":\"https:\\\/\\\/switzerlandbylocals.com\\\/fr\\\/randonnee-culinaire-entre-st-gall-et-le-lac-de-constance\\\/#breadcrumb\",\"itemListElement\":[{\"@type\":\"ListItem\",\"position\":1,\"name\":\"Startseite\",\"item\":\"https:\\\/\\\/switzerlandbylocals.com\\\/fr\\\/\"},{\"@type\":\"ListItem\",\"position\":2,\"name\":\"Randonn\u00e9e culinaire entre St-Gall et le lac de Constance\"}]},{\"@type\":\"WebSite\",\"@id\":\"https:\\\/\\\/switzerlandbylocals.com\\\/en\\\/#website\",\"url\":\"https:\\\/\\\/switzerlandbylocals.com\\\/en\\\/\",\"name\":\"Switzerland by Locals\",\"description\":\"\",\"publisher\":{\"@id\":\"https:\\\/\\\/switzerlandbylocals.com\\\/en\\\/#organization\"},\"potentialAction\":[{\"@type\":\"SearchAction\",\"target\":{\"@type\":\"EntryPoint\",\"urlTemplate\":\"https:\\\/\\\/switzerlandbylocals.com\\\/en\\\/?s={search_term_string}\"},\"query-input\":{\"@type\":\"PropertyValueSpecification\",\"valueRequired\":true,\"valueName\":\"search_term_string\"}}],\"inLanguage\":\"fr-FR\"},{\"@type\":\"Organization\",\"@id\":\"https:\\\/\\\/switzerlandbylocals.com\\\/en\\\/#organization\",\"name\":\"Switzerland by Locals\",\"url\":\"https:\\\/\\\/switzerlandbylocals.com\\\/en\\\/\",\"logo\":{\"@type\":\"ImageObject\",\"inLanguage\":\"fr-FR\",\"@id\":\"https:\\\/\\\/switzerlandbylocals.com\\\/en\\\/#\\\/schema\\\/logo\\\/image\\\/\",\"url\":\"https:\\\/\\\/switzerlandbylocals.com\\\/wp-content\\\/uploads\\\/2021\\\/02\\\/Logo-V1.png\",\"contentUrl\":\"https:\\\/\\\/switzerlandbylocals.com\\\/wp-content\\\/uploads\\\/2021\\\/02\\\/Logo-V1.png\",\"width\":2551,\"height\":667,\"caption\":\"Switzerland by Locals\"},\"image\":{\"@id\":\"https:\\\/\\\/switzerlandbylocals.com\\\/en\\\/#\\\/schema\\\/logo\\\/image\\\/\"}},{\"@type\":\"Person\",\"@id\":\"https:\\\/\\\/switzerlandbylocals.com\\\/en\\\/#\\\/schema\\\/person\\\/b9faf460227b0d1bc55783dbe9b8f4e2\",\"name\":\"marc.gottw\",\"image\":{\"@type\":\"ImageObject\",\"inLanguage\":\"fr-FR\",\"@id\":\"https:\\\/\\\/secure.gravatar.com\\\/avatar\\\/a010e12fdaac30d8115e19dbfd8f2f11effce8fce40a6046b2652155e2590b41?s=96&d=mm&r=g\",\"url\":\"https:\\\/\\\/secure.gravatar.com\\\/avatar\\\/a010e12fdaac30d8115e19dbfd8f2f11effce8fce40a6046b2652155e2590b41?s=96&d=mm&r=g\",\"contentUrl\":\"https:\\\/\\\/secure.gravatar.com\\\/avatar\\\/a010e12fdaac30d8115e19dbfd8f2f11effce8fce40a6046b2652155e2590b41?s=96&d=mm&r=g\",\"caption\":\"marc.gottw\"},\"url\":\"https:\\\/\\\/switzerlandbylocals.com\\\/fr\\\/author\\\/marc-gottw\\\/\"}]}<\/script>\n<!-- \/ Yoast SEO plugin. -->","yoast_head_json":{"title":"Randonn\u00e9e culinaire entre St-Gall et le lac de Constance - Switzerland by Locals","description":"Explorez les d\u00e9lices gastronomiques lors d'une randonn\u00e9e inoubliable entre St-Gall et le lac de Constance.","robots":{"index":"index","follow":"follow","max-snippet":"max-snippet:-1","max-image-preview":"max-image-preview:large","max-video-preview":"max-video-preview:-1"},"canonical":"https:\/\/switzerlandbylocals.com\/fr\/randonnee-culinaire-entre-st-gall-et-le-lac-de-constance\/","og_locale":"fr_FR","og_type":"article","og_title":"Randonn\u00e9e culinaire entre St-Gall et le lac de Constance - Switzerland by Locals","og_description":"Explorez les d\u00e9lices gastronomiques lors d'une randonn\u00e9e inoubliable entre St-Gall et le lac de Constance.","og_url":"https:\/\/switzerlandbylocals.com\/fr\/randonnee-culinaire-entre-st-gall-et-le-lac-de-constance\/","og_site_name":"Switzerland by Locals","article_published_time":"2023-12-02T18:42:52+00:00","article_modified_time":"2023-12-02T19:01:32+00:00","og_image":[{"width":1920,"height":1280,"url":"https:\/\/switzerlandbylocals.com\/wp-content\/uploads\/2021\/11\/Titelbild_Fuenflaenderblick.jpg","type":"image\/jpeg"}],"author":"marc.gottw","twitter_card":"summary_large_image","twitter_misc":{"\u00c9crit par":"marc.gottw","Dur\u00e9e de lecture estim\u00e9e":"7 minutes"},"schema":{"@context":"https:\/\/schema.org","@graph":[{"@type":"Article","@id":"https:\/\/switzerlandbylocals.com\/fr\/randonnee-culinaire-entre-st-gall-et-le-lac-de-constance\/#article","isPartOf":{"@id":"https:\/\/switzerlandbylocals.com\/fr\/randonnee-culinaire-entre-st-gall-et-le-lac-de-constance\/"},"author":{"name":"marc.gottw","@id":"https:\/\/switzerlandbylocals.com\/en\/#\/schema\/person\/b9faf460227b0d1bc55783dbe9b8f4e2"},"headline":"Randonn\u00e9e culinaire entre St-Gall et le lac de Constance","datePublished":"2023-12-02T18:42:52+00:00","dateModified":"2023-12-02T19:01:32+00:00","mainEntityOfPage":{"@id":"https:\/\/switzerlandbylocals.com\/fr\/randonnee-culinaire-entre-st-gall-et-le-lac-de-constance\/"},"wordCount":941,"publisher":{"@id":"https:\/\/switzerlandbylocals.com\/en\/#organization"},"image":{"@id":"https:\/\/switzerlandbylocals.com\/fr\/randonnee-culinaire-entre-st-gall-et-le-lac-de-constance\/#primaryimage"},"thumbnailUrl":"https:\/\/switzerlandbylocals.com\/wp-content\/uploads\/2021\/11\/Titelbild_Fuenflaenderblick.jpg","articleSection":["Excursions","Excursions d'un jour","Guides de voyage","Non classifi\u00e9(e)","Randonn\u00e9e","Villages"],"inLanguage":"fr-FR"},{"@type":"WebPage","@id":"https:\/\/switzerlandbylocals.com\/fr\/randonnee-culinaire-entre-st-gall-et-le-lac-de-constance\/","url":"https:\/\/switzerlandbylocals.com\/fr\/randonnee-culinaire-entre-st-gall-et-le-lac-de-constance\/","name":"Randonn\u00e9e culinaire entre St-Gall et le lac de Constance - Switzerland by Locals","isPartOf":{"@id":"https:\/\/switzerlandbylocals.com\/en\/#website"},"primaryImageOfPage":{"@id":"https:\/\/switzerlandbylocals.com\/fr\/randonnee-culinaire-entre-st-gall-et-le-lac-de-constance\/#primaryimage"},"image":{"@id":"https:\/\/switzerlandbylocals.com\/fr\/randonnee-culinaire-entre-st-gall-et-le-lac-de-constance\/#primaryimage"},"thumbnailUrl":"https:\/\/switzerlandbylocals.com\/wp-content\/uploads\/2021\/11\/Titelbild_Fuenflaenderblick.jpg","datePublished":"2023-12-02T18:42:52+00:00","dateModified":"2023-12-02T19:01:32+00:00","description":"Explorez les d\u00e9lices gastronomiques lors d'une randonn\u00e9e inoubliable entre St-Gall et le lac de Constance.","breadcrumb":{"@id":"https:\/\/switzerlandbylocals.com\/fr\/randonnee-culinaire-entre-st-gall-et-le-lac-de-constance\/#breadcrumb"},"inLanguage":"fr-FR","potentialAction":[{"@type":"ReadAction","target":["https:\/\/switzerlandbylocals.com\/fr\/randonnee-culinaire-entre-st-gall-et-le-lac-de-constance\/"]}]},{"@type":"ImageObject","inLanguage":"fr-FR","@id":"https:\/\/switzerlandbylocals.com\/fr\/randonnee-culinaire-entre-st-gall-et-le-lac-de-constance\/#primaryimage","url":"https:\/\/switzerlandbylocals.com\/wp-content\/uploads\/2021\/11\/Titelbild_Fuenflaenderblick.jpg","contentUrl":"https:\/\/switzerlandbylocals.com\/wp-content\/uploads\/2021\/11\/Titelbild_Fuenflaenderblick.jpg","width":1920,"height":1280},{"@type":"BreadcrumbList","@id":"https:\/\/switzerlandbylocals.com\/fr\/randonnee-culinaire-entre-st-gall-et-le-lac-de-constance\/#breadcrumb","itemListElement":[{"@type":"ListItem","position":1,"name":"Startseite","item":"https:\/\/switzerlandbylocals.com\/fr\/"},{"@type":"ListItem","position":2,"name":"Randonn\u00e9e culinaire entre St-Gall et le lac de Constance"}]},{"@type":"WebSite","@id":"https:\/\/switzerlandbylocals.com\/en\/#website","url":"https:\/\/switzerlandbylocals.com\/en\/","name":"Switzerland by Locals","description":"","publisher":{"@id":"https:\/\/switzerlandbylocals.com\/en\/#organization"},"potentialAction":[{"@type":"SearchAction","target":{"@type":"EntryPoint","urlTemplate":"https:\/\/switzerlandbylocals.com\/en\/?s={search_term_string}"},"query-input":{"@type":"PropertyValueSpecification","valueRequired":true,"valueName":"search_term_string"}}],"inLanguage":"fr-FR"},{"@type":"Organization","@id":"https:\/\/switzerlandbylocals.com\/en\/#organization","name":"Switzerland by Locals","url":"https:\/\/switzerlandbylocals.com\/en\/","logo":{"@type":"ImageObject","inLanguage":"fr-FR","@id":"https:\/\/switzerlandbylocals.com\/en\/#\/schema\/logo\/image\/","url":"https:\/\/switzerlandbylocals.com\/wp-content\/uploads\/2021\/02\/Logo-V1.png","contentUrl":"https:\/\/switzerlandbylocals.com\/wp-content\/uploads\/2021\/02\/Logo-V1.png","width":2551,"height":667,"caption":"Switzerland by Locals"},"image":{"@id":"https:\/\/switzerlandbylocals.com\/en\/#\/schema\/logo\/image\/"}},{"@type":"Person","@id":"https:\/\/switzerlandbylocals.com\/en\/#\/schema\/person\/b9faf460227b0d1bc55783dbe9b8f4e2","name":"marc.gottw","image":{"@type":"ImageObject","inLanguage":"fr-FR","@id":"https:\/\/secure.gravatar.com\/avatar\/a010e12fdaac30d8115e19dbfd8f2f11effce8fce40a6046b2652155e2590b41?s=96&d=mm&r=g","url":"https:\/\/secure.gravatar.com\/avatar\/a010e12fdaac30d8115e19dbfd8f2f11effce8fce40a6046b2652155e2590b41?s=96&d=mm&r=g","contentUrl":"https:\/\/secure.gravatar.com\/avatar\/a010e12fdaac30d8115e19dbfd8f2f11effce8fce40a6046b2652155e2590b41?s=96&d=mm&r=g","caption":"marc.gottw"},"url":"https:\/\/switzerlandbylocals.com\/fr\/author\/marc-gottw\/"}]}},"_links":{"self":[{"href":"https:\/\/switzerlandbylocals.com\/fr\/wp-json\/wp\/v2\/posts\/15800","targetHints":{"allow":["GET"]}}],"collection":[{"href":"https:\/\/switzerlandbylocals.com\/fr\/wp-json\/wp\/v2\/posts"}],"about":[{"href":"https:\/\/switzerlandbylocals.com\/fr\/wp-json\/wp\/v2\/types\/post"}],"author":[{"embeddable":true,"href":"https:\/\/switzerlandbylocals.com\/fr\/wp-json\/wp\/v2\/users\/1"}],"replies":[{"embeddable":true,"href":"https:\/\/switzerlandbylocals.com\/fr\/wp-json\/wp\/v2\/comments?post=15800"}],"version-history":[{"count":14,"href":"https:\/\/switzerlandbylocals.com\/fr\/wp-json\/wp\/v2\/posts\/15800\/revisions"}],"predecessor-version":[{"id":16411,"href":"https:\/\/switzerlandbylocals.com\/fr\/wp-json\/wp\/v2\/posts\/15800\/revisions\/16411"}],"wp:featuredmedia":[{"embeddable":true,"href":"https:\/\/switzerlandbylocals.com\/fr\/wp-json\/wp\/v2\/media\/15801"}],"wp:attachment":[{"href":"https:\/\/switzerlandbylocals.com\/fr\/wp-json\/wp\/v2\/media?parent=15800"}],"wp:term":[{"taxonomy":"category","embeddable":true,"href":"https:\/\/switzerlandbylocals.com\/fr\/wp-json\/wp\/v2\/categories?post=15800"},{"taxonomy":"post_tag","embeddable":true,"href":"https:\/\/switzerlandbylocals.com\/fr\/wp-json\/wp\/v2\/tags?post=15800"}],"curies":[{"name":"wp","href":"https:\/\/api.w.org\/{rel}","templated":true}]}}