{"id":17240,"date":"2023-12-04T19:40:47","date_gmt":"2023-12-04T19:40:47","guid":{"rendered":"https:\/\/switzerlandbylocals.com\/?p=17240"},"modified":"2023-12-04T19:49:01","modified_gmt":"2023-12-04T19:49:01","slug":"des-alpes-zurich-et-lucerne","status":"publish","type":"post","link":"https:\/\/switzerlandbylocals.com\/fr\/des-alpes-zurich-et-lucerne\/","title":{"rendered":"Tour priv\u00e9 de luxe dans les joyaux cach\u00e9s des Alpes suisses (depuis Zurich et Lucerne)"},"content":{"rendered":"\t\t<div data-elementor-type=\"wp-post\" data-elementor-id=\"17240\" class=\"elementor elementor-17240\" data-elementor-post-type=\"post\">\n\t\t\t\t\t\t<section class=\"elementor-section elementor-top-section elementor-element elementor-element-1409a8aa elementor-section-boxed elementor-section-height-default elementor-section-height-default\" data-id=\"1409a8aa\" data-element_type=\"section\" data-e-type=\"section\">\n\t\t\t\t\t\t<div class=\"elementor-container elementor-column-gap-default\">\n\t\t\t\t\t<div class=\"elementor-column elementor-col-100 elementor-top-column elementor-element elementor-element-2b452072\" data-id=\"2b452072\" data-element_type=\"column\" data-e-type=\"column\">\n\t\t\t<div class=\"elementor-widget-wrap elementor-element-populated\">\n\t\t\t\t\t\t<div class=\"elementor-element elementor-element-241fa970 elementor-widget elementor-widget-text-editor\" data-id=\"241fa970\" data-element_type=\"widget\" data-e-type=\"widget\" data-widget_type=\"text-editor.default\">\n\t\t\t\t<div class=\"elementor-widget-container\">\n\t\t\t\t\t\t\t\t\t<h3>Tour guid\u00e9 d&rsquo;une journ\u00e9e dans les Alpes suisses depuis Zurich et Lucerne, pour d\u00e9couvrir des endroits spectaculaires et d\u00e9serts dans les Alpes suisses, accompagn\u00e9 par un expert qualifi\u00e9 en Suisse et en nature (MSc ETH Zurich)<\/h3><p><strong>Les joyaux cach\u00e9s des Alpes suisses<\/strong><br \/>Notre excursion dans les joyaux cach\u00e9s des Alpes suisses d\u00e9voile les endroits les plus beaux et m\u00e9connus des Alpes. Cette excursion d&rsquo;une journ\u00e9e vous emm\u00e8ne depuis Zurich, Lucerne ou Interlaken dans l&rsquo;impressionnant monde montagneux avec ses gorges sauvages, ses lacs idylliques et ses paysages \u00e9poustouflants.<\/p><p><strong>Cette excursion vous int\u00e9resse-t-elle ?<\/strong><br \/>Appelez\/Whatsapp\/Wechat Envoyez-nous un mail \u00e0<br \/><a href=\"tel:41775338496\">+41 77 533 84 96 <\/a> <a href=\"mailto:info@switzerlandbylocals.com\">info@switzerlandbylocals.com<\/a><\/p><p><img fetchpriority=\"high\" decoding=\"async\" class=\"alignnone size-large wp-image-8242\" src=\"https:\/\/switzerlandbylocals.com\/wp-content\/uploads\/2021\/09\/Foto1_Swiss-Alps-1024x683.jpg\" alt=\"\" width=\"1024\" height=\"683\" srcset=\"https:\/\/switzerlandbylocals.com\/wp-content\/uploads\/2021\/09\/Foto1_Swiss-Alps-1024x683.jpg 1024w, https:\/\/switzerlandbylocals.com\/wp-content\/uploads\/2021\/09\/Foto1_Swiss-Alps-300x200.jpg 300w, https:\/\/switzerlandbylocals.com\/wp-content\/uploads\/2021\/09\/Foto1_Swiss-Alps-768x512.jpg 768w, https:\/\/switzerlandbylocals.com\/wp-content\/uploads\/2021\/09\/Foto1_Swiss-Alps-1536x1024.jpg 1536w, https:\/\/switzerlandbylocals.com\/wp-content\/uploads\/2021\/09\/Foto1_Swiss-Alps.jpg 1600w\" sizes=\"(max-width: 1024px) 100vw, 1024px\" \/> <img decoding=\"async\" class=\"alignnone size-large wp-image-8244\" src=\"https:\/\/switzerlandbylocals.com\/wp-content\/uploads\/2021\/09\/Foto2_Swiss-Alps-Tour-1024x768.jpg\" alt=\"\" width=\"1024\" height=\"768\" srcset=\"https:\/\/switzerlandbylocals.com\/wp-content\/uploads\/2021\/09\/Foto2_Swiss-Alps-Tour-1024x768.jpg 1024w, https:\/\/switzerlandbylocals.com\/wp-content\/uploads\/2021\/09\/Foto2_Swiss-Alps-Tour-300x225.jpg 300w, https:\/\/switzerlandbylocals.com\/wp-content\/uploads\/2021\/09\/Foto2_Swiss-Alps-Tour-768x576.jpg 768w, https:\/\/switzerlandbylocals.com\/wp-content\/uploads\/2021\/09\/Foto2_Swiss-Alps-Tour-1536x1152.jpg 1536w, https:\/\/switzerlandbylocals.com\/wp-content\/uploads\/2021\/09\/Foto2_Swiss-Alps-Tour.jpg 1600w\" sizes=\"(max-width: 1024px) 100vw, 1024px\" \/> <img decoding=\"async\" class=\"alignnone size-large wp-image-8246\" src=\"https:\/\/switzerlandbylocals.com\/wp-content\/uploads\/2021\/09\/Foto3_Swiss-Alps-1024x512.jpg\" alt=\"\" width=\"1024\" height=\"512\" srcset=\"https:\/\/switzerlandbylocals.com\/wp-content\/uploads\/2021\/09\/Foto3_Swiss-Alps-1024x512.jpg 1024w, https:\/\/switzerlandbylocals.com\/wp-content\/uploads\/2021\/09\/Foto3_Swiss-Alps-300x150.jpg 300w, https:\/\/switzerlandbylocals.com\/wp-content\/uploads\/2021\/09\/Foto3_Swiss-Alps-768x384.jpg 768w, https:\/\/switzerlandbylocals.com\/wp-content\/uploads\/2021\/09\/Foto3_Swiss-Alps-1536x768.jpg 1536w, https:\/\/switzerlandbylocals.com\/wp-content\/uploads\/2021\/09\/Foto3_Swiss-Alps.jpg 1600w\" sizes=\"(max-width: 1024px) 100vw, 1024px\" \/> <img loading=\"lazy\" decoding=\"async\" class=\"alignnone size-large wp-image-8248\" src=\"https:\/\/switzerlandbylocals.com\/wp-content\/uploads\/2021\/09\/Foto4_Waterfall-1024x512.jpg\" alt=\"\" width=\"1024\" height=\"512\" srcset=\"https:\/\/switzerlandbylocals.com\/wp-content\/uploads\/2021\/09\/Foto4_Waterfall-1024x512.jpg 1024w, https:\/\/switzerlandbylocals.com\/wp-content\/uploads\/2021\/09\/Foto4_Waterfall-300x150.jpg 300w, https:\/\/switzerlandbylocals.com\/wp-content\/uploads\/2021\/09\/Foto4_Waterfall-768x384.jpg 768w, https:\/\/switzerlandbylocals.com\/wp-content\/uploads\/2021\/09\/Foto4_Waterfall-1536x768.jpg 1536w, https:\/\/switzerlandbylocals.com\/wp-content\/uploads\/2021\/09\/Foto4_Waterfall.jpg 1600w\" sizes=\"(max-width: 1024px) 100vw, 1024px\" \/><\/p><h3><strong>Description sugg\u00e9r\u00e9e de l&rsquo;itin\u00e9raire dans les Alpes suisses : <\/strong><\/h3><p>Point de d\u00e9part : <a href=\"https:\/\/switzerlandbylocals.com\/fr\/zoo-de-zurich\/\">Zurich<\/a>, Lucerne, Zug, Thalwil, Ziegelbr\u00fccke, Schwyz, Interlaken, B\u00e2le. Autres endroits sur demande.<br \/>Dur\u00e9e : 8-9 heures<\/p><p>Programme : Nous vous montrerons les plus beaux joyaux des Alpes suisses. Des paysages infinis, des rivi\u00e8res sauvages et des villages idylliques vous attendent en fonction du lieu de d\u00e9part. De Zurich et Lucerne, nous plongeons dans les Alpes d&rsquo;Uri et de Schwyz, tandis que depuis Interlaken, nous visitons des joyaux cach\u00e9s des Alpes bernoises. Cette suggestion de programme n&rsquo;est bien s\u00fbr qu&rsquo;une des nombreuses fa\u00e7ons de vivre votre propre voyage dans les Alpes suisses. Alors faites-nous part de vos r\u00eaves pour commencer \u00e0 planifier votre voyage.<\/p><p>Sp\u00e9cificit\u00e9s : Faites-nous part de vos souhaits sp\u00e9ciaux. Le circuit dans les Alpes suisses peut \u00e9galement \u00eatre combin\u00e9 avec une visite dans une fabrique de chocolat ou de fromage. Des petites randonn\u00e9es sont \u00e9galement possibles.<\/p><p>Inclus : Circuit avec prise en charge \u00e0 Zurich (ou autres lieux sp\u00e9cifi\u00e9s) ; guid\u00e9 par un expert en Suisse et en nature ; pique-nique avec des produits locaux suisses (veuillez sp\u00e9cifier les demandes alimentaires sp\u00e9ciales) ; photos (qualit\u00e9 : page d&rsquo;accueil), moments inoubliables<\/p><p><strong>Sur demande de prix<\/strong><\/p><h3><strong>Ce voyage en Suisse vous int\u00e9resse-t-il ?<\/strong><\/h3><p>Appelez\/Whatsapp\/Wechat Envoyez-nous un mail \u00e0<br \/><a href=\"tel:41775338496\">+41 77 533 84 96 <\/a> <a href=\"mailto:info@switzerlandbylocals.com\">info@switzerlandbylocals.com<\/a><br \/><img loading=\"lazy\" decoding=\"async\" class=\"alignnone size-large wp-image-8250\" src=\"https:\/\/switzerlandbylocals.com\/wp-content\/uploads\/2021\/09\/Foto5_Restaurant-1024x683.jpg\" alt=\"\" width=\"1024\" height=\"683\" srcset=\"https:\/\/switzerlandbylocals.com\/wp-content\/uploads\/2021\/09\/Foto5_Restaurant-1024x683.jpg 1024w, https:\/\/switzerlandbylocals.com\/wp-content\/uploads\/2021\/09\/Foto5_Restaurant-300x200.jpg 300w, https:\/\/switzerlandbylocals.com\/wp-content\/uploads\/2021\/09\/Foto5_Restaurant-768x512.jpg 768w, https:\/\/switzerlandbylocals.com\/wp-content\/uploads\/2021\/09\/Foto5_Restaurant-1536x1024.jpg 1536w, https:\/\/switzerlandbylocals.com\/wp-content\/uploads\/2021\/09\/Foto5_Restaurant.jpg 1600w\" sizes=\"(max-width: 1024px) 100vw, 1024px\" \/> <img loading=\"lazy\" decoding=\"async\" class=\"alignnone size-large wp-image-8252\" src=\"https:\/\/switzerlandbylocals.com\/wp-content\/uploads\/2021\/09\/Foto6_Alps-Day-Tour-1024x683.jpg\" alt=\"\" width=\"1024\" height=\"683\" srcset=\"https:\/\/switzerlandbylocals.com\/wp-content\/uploads\/2021\/09\/Foto6_Alps-Day-Tour-1024x683.jpg 1024w, https:\/\/switzerlandbylocals.com\/wp-content\/uploads\/2021\/09\/Foto6_Alps-Day-Tour-300x200.jpg 300w, https:\/\/switzerlandbylocals.com\/wp-content\/uploads\/2021\/09\/Foto6_Alps-Day-Tour-768x512.jpg 768w, https:\/\/switzerlandbylocals.com\/wp-content\/uploads\/2021\/09\/Foto6_Alps-Day-Tour-1536x1024.jpg 1536w, https:\/\/switzerlandbylocals.com\/wp-content\/uploads\/2021\/09\/Foto6_Alps-Day-Tour.jpg 1600w\" sizes=\"(max-width: 1024px) 100vw, 1024px\" \/><img loading=\"lazy\" decoding=\"async\" class=\"alignnone size-large wp-image-8256\" src=\"https:\/\/switzerlandbylocals.com\/wp-content\/uploads\/2021\/09\/Foto8_House-of-Laederach-1024x512.jpg\" alt=\"\" width=\"1024\" height=\"512\" srcset=\"https:\/\/switzerlandbylocals.com\/wp-content\/uploads\/2021\/09\/Foto8_House-of-Laederach-1024x512.jpg 1024w, https:\/\/switzerlandbylocals.com\/wp-content\/uploads\/2021\/09\/Foto8_House-of-Laederach-300x150.jpg 300w, https:\/\/switzerlandbylocals.com\/wp-content\/uploads\/2021\/09\/Foto8_House-of-Laederach-768x384.jpg 768w, https:\/\/switzerlandbylocals.com\/wp-content\/uploads\/2021\/09\/Foto8_House-of-Laederach-1536x768.jpg 1536w, https:\/\/switzerlandbylocals.com\/wp-content\/uploads\/2021\/09\/Foto8_House-of-Laederach.jpg 1600w\" sizes=\"(max-width: 1024px) 100vw, 1024px\" \/><\/p>\t\t\t\t\t\t\t\t<\/div>\n\t\t\t\t<\/div>\n\t\t\t\t\t<\/div>\n\t\t<\/div>\n\t\t\t\t\t<\/div>\n\t\t<\/section>\n\t\t\t\t<\/div>\n\t\t","protected":false},"excerpt":{"rendered":"<p>Guided Day Tour to breathtaking and deserted places in the Swiss Alps, accompanied by a qualified Switzerland &#038; Nature Expert.<\/p>\n","protected":false},"author":1,"featured_media":17249,"comment_status":"closed","ping_status":"closed","sticky":false,"template":"","format":"standard","meta":{"footnotes":""},"categories":[175],"tags":[],"class_list":["post-17240","post","type-post","status-publish","format-standard","has-post-thumbnail","hentry","category-non-classifiee"],"yoast_head":"<!-- This site is optimized with the Yoast SEO plugin v27.5 - https:\/\/yoast.com\/product\/yoast-seo-wordpress\/ -->\n<title>Tour priv\u00e9 de luxe dans les joyaux cach\u00e9s des Alpes suisses (depuis Zurich et Lucerne) - Switzerland by Locals<\/title>\n<meta name=\"description\" content=\"D\u00e9couvrez les tr\u00e9sors cach\u00e9s des Alpes suisses lors d&#039;un tour priv\u00e9 de luxe depuis Zurich et Lucerne.\" \/>\n<meta name=\"robots\" content=\"index, follow, max-snippet:-1, max-image-preview:large, max-video-preview:-1\" \/>\n<link rel=\"canonical\" href=\"https:\/\/switzerlandbylocals.com\/fr\/des-alpes-zurich-et-lucerne\/\" \/>\n<meta property=\"og:locale\" content=\"fr_FR\" \/>\n<meta property=\"og:type\" content=\"article\" \/>\n<meta property=\"og:title\" content=\"Tour priv\u00e9 de luxe dans les joyaux cach\u00e9s des Alpes suisses (depuis Zurich et Lucerne) - Switzerland by Locals\" \/>\n<meta property=\"og:description\" content=\"D\u00e9couvrez les tr\u00e9sors cach\u00e9s des Alpes suisses lors d&#039;un tour priv\u00e9 de luxe depuis Zurich et Lucerne.\" \/>\n<meta property=\"og:url\" content=\"https:\/\/switzerlandbylocals.com\/fr\/des-alpes-zurich-et-lucerne\/\" \/>\n<meta property=\"og:site_name\" content=\"Switzerland by Locals\" \/>\n<meta property=\"article:published_time\" content=\"2023-12-04T19:40:47+00:00\" \/>\n<meta property=\"article:modified_time\" content=\"2023-12-04T19:49:01+00:00\" \/>\n<meta property=\"og:image\" content=\"https:\/\/switzerlandbylocals.com\/wp-content\/uploads\/2021\/09\/Titelbild_Swiss-Alps-Tour.jpg\" \/>\n\t<meta property=\"og:image:width\" content=\"1600\" \/>\n\t<meta property=\"og:image:height\" content=\"800\" \/>\n\t<meta property=\"og:image:type\" content=\"image\/jpeg\" \/>\n<meta name=\"author\" content=\"marc.gottw\" \/>\n<meta name=\"twitter:card\" content=\"summary_large_image\" \/>\n<meta name=\"twitter:label1\" content=\"\u00c9crit par\" \/>\n\t<meta name=\"twitter:data1\" content=\"marc.gottw\" \/>\n\t<meta name=\"twitter:label2\" content=\"Dur\u00e9e de lecture estim\u00e9e\" \/>\n\t<meta name=\"twitter:data2\" content=\"3 minutes\" \/>\n<script type=\"application\/ld+json\" class=\"yoast-schema-graph\">{\"@context\":\"https:\\\/\\\/schema.org\",\"@graph\":[{\"@type\":\"Article\",\"@id\":\"https:\\\/\\\/switzerlandbylocals.com\\\/fr\\\/des-alpes-zurich-et-lucerne\\\/#article\",\"isPartOf\":{\"@id\":\"https:\\\/\\\/switzerlandbylocals.com\\\/fr\\\/des-alpes-zurich-et-lucerne\\\/\"},\"author\":{\"name\":\"marc.gottw\",\"@id\":\"https:\\\/\\\/switzerlandbylocals.com\\\/en\\\/#\\\/schema\\\/person\\\/b9faf460227b0d1bc55783dbe9b8f4e2\"},\"headline\":\"Tour priv\u00e9 de luxe dans les joyaux cach\u00e9s des Alpes suisses (depuis Zurich et Lucerne)\",\"datePublished\":\"2023-12-04T19:40:47+00:00\",\"dateModified\":\"2023-12-04T19:49:01+00:00\",\"mainEntityOfPage\":{\"@id\":\"https:\\\/\\\/switzerlandbylocals.com\\\/fr\\\/des-alpes-zurich-et-lucerne\\\/\"},\"wordCount\":291,\"publisher\":{\"@id\":\"https:\\\/\\\/switzerlandbylocals.com\\\/en\\\/#organization\"},\"image\":{\"@id\":\"https:\\\/\\\/switzerlandbylocals.com\\\/fr\\\/des-alpes-zurich-et-lucerne\\\/#primaryimage\"},\"thumbnailUrl\":\"https:\\\/\\\/switzerlandbylocals.com\\\/wp-content\\\/uploads\\\/2021\\\/09\\\/Titelbild_Swiss-Alps-Tour.jpg\",\"articleSection\":[\"Non classifi\u00e9(e)\"],\"inLanguage\":\"fr-FR\"},{\"@type\":\"WebPage\",\"@id\":\"https:\\\/\\\/switzerlandbylocals.com\\\/fr\\\/des-alpes-zurich-et-lucerne\\\/\",\"url\":\"https:\\\/\\\/switzerlandbylocals.com\\\/fr\\\/des-alpes-zurich-et-lucerne\\\/\",\"name\":\"Tour priv\u00e9 de luxe dans les joyaux cach\u00e9s des Alpes suisses (depuis Zurich et Lucerne) - Switzerland by Locals\",\"isPartOf\":{\"@id\":\"https:\\\/\\\/switzerlandbylocals.com\\\/en\\\/#website\"},\"primaryImageOfPage\":{\"@id\":\"https:\\\/\\\/switzerlandbylocals.com\\\/fr\\\/des-alpes-zurich-et-lucerne\\\/#primaryimage\"},\"image\":{\"@id\":\"https:\\\/\\\/switzerlandbylocals.com\\\/fr\\\/des-alpes-zurich-et-lucerne\\\/#primaryimage\"},\"thumbnailUrl\":\"https:\\\/\\\/switzerlandbylocals.com\\\/wp-content\\\/uploads\\\/2021\\\/09\\\/Titelbild_Swiss-Alps-Tour.jpg\",\"datePublished\":\"2023-12-04T19:40:47+00:00\",\"dateModified\":\"2023-12-04T19:49:01+00:00\",\"description\":\"D\u00e9couvrez les tr\u00e9sors cach\u00e9s des Alpes suisses lors d'un tour priv\u00e9 de luxe depuis Zurich et Lucerne.\",\"breadcrumb\":{\"@id\":\"https:\\\/\\\/switzerlandbylocals.com\\\/fr\\\/des-alpes-zurich-et-lucerne\\\/#breadcrumb\"},\"inLanguage\":\"fr-FR\",\"potentialAction\":[{\"@type\":\"ReadAction\",\"target\":[\"https:\\\/\\\/switzerlandbylocals.com\\\/fr\\\/des-alpes-zurich-et-lucerne\\\/\"]}]},{\"@type\":\"ImageObject\",\"inLanguage\":\"fr-FR\",\"@id\":\"https:\\\/\\\/switzerlandbylocals.com\\\/fr\\\/des-alpes-zurich-et-lucerne\\\/#primaryimage\",\"url\":\"https:\\\/\\\/switzerlandbylocals.com\\\/wp-content\\\/uploads\\\/2021\\\/09\\\/Titelbild_Swiss-Alps-Tour.jpg\",\"contentUrl\":\"https:\\\/\\\/switzerlandbylocals.com\\\/wp-content\\\/uploads\\\/2021\\\/09\\\/Titelbild_Swiss-Alps-Tour.jpg\",\"width\":1600,\"height\":800},{\"@type\":\"BreadcrumbList\",\"@id\":\"https:\\\/\\\/switzerlandbylocals.com\\\/fr\\\/des-alpes-zurich-et-lucerne\\\/#breadcrumb\",\"itemListElement\":[{\"@type\":\"ListItem\",\"position\":1,\"name\":\"Startseite\",\"item\":\"https:\\\/\\\/switzerlandbylocals.com\\\/fr\\\/\"},{\"@type\":\"ListItem\",\"position\":2,\"name\":\"Tour priv\u00e9 de luxe dans les joyaux cach\u00e9s des Alpes suisses (depuis Zurich et Lucerne)\"}]},{\"@type\":\"WebSite\",\"@id\":\"https:\\\/\\\/switzerlandbylocals.com\\\/en\\\/#website\",\"url\":\"https:\\\/\\\/switzerlandbylocals.com\\\/en\\\/\",\"name\":\"Switzerland by Locals\",\"description\":\"\",\"publisher\":{\"@id\":\"https:\\\/\\\/switzerlandbylocals.com\\\/en\\\/#organization\"},\"potentialAction\":[{\"@type\":\"SearchAction\",\"target\":{\"@type\":\"EntryPoint\",\"urlTemplate\":\"https:\\\/\\\/switzerlandbylocals.com\\\/en\\\/?s={search_term_string}\"},\"query-input\":{\"@type\":\"PropertyValueSpecification\",\"valueRequired\":true,\"valueName\":\"search_term_string\"}}],\"inLanguage\":\"fr-FR\"},{\"@type\":\"Organization\",\"@id\":\"https:\\\/\\\/switzerlandbylocals.com\\\/en\\\/#organization\",\"name\":\"Switzerland by Locals\",\"url\":\"https:\\\/\\\/switzerlandbylocals.com\\\/en\\\/\",\"logo\":{\"@type\":\"ImageObject\",\"inLanguage\":\"fr-FR\",\"@id\":\"https:\\\/\\\/switzerlandbylocals.com\\\/en\\\/#\\\/schema\\\/logo\\\/image\\\/\",\"url\":\"https:\\\/\\\/switzerlandbylocals.com\\\/wp-content\\\/uploads\\\/2021\\\/02\\\/Logo-V1.png\",\"contentUrl\":\"https:\\\/\\\/switzerlandbylocals.com\\\/wp-content\\\/uploads\\\/2021\\\/02\\\/Logo-V1.png\",\"width\":2551,\"height\":667,\"caption\":\"Switzerland by Locals\"},\"image\":{\"@id\":\"https:\\\/\\\/switzerlandbylocals.com\\\/en\\\/#\\\/schema\\\/logo\\\/image\\\/\"}},{\"@type\":\"Person\",\"@id\":\"https:\\\/\\\/switzerlandbylocals.com\\\/en\\\/#\\\/schema\\\/person\\\/b9faf460227b0d1bc55783dbe9b8f4e2\",\"name\":\"marc.gottw\",\"image\":{\"@type\":\"ImageObject\",\"inLanguage\":\"fr-FR\",\"@id\":\"https:\\\/\\\/secure.gravatar.com\\\/avatar\\\/a010e12fdaac30d8115e19dbfd8f2f11effce8fce40a6046b2652155e2590b41?s=96&d=mm&r=g\",\"url\":\"https:\\\/\\\/secure.gravatar.com\\\/avatar\\\/a010e12fdaac30d8115e19dbfd8f2f11effce8fce40a6046b2652155e2590b41?s=96&d=mm&r=g\",\"contentUrl\":\"https:\\\/\\\/secure.gravatar.com\\\/avatar\\\/a010e12fdaac30d8115e19dbfd8f2f11effce8fce40a6046b2652155e2590b41?s=96&d=mm&r=g\",\"caption\":\"marc.gottw\"},\"url\":\"https:\\\/\\\/switzerlandbylocals.com\\\/fr\\\/author\\\/marc-gottw\\\/\"}]}<\/script>\n<!-- \/ Yoast SEO plugin. -->","yoast_head_json":{"title":"Tour priv\u00e9 de luxe dans les joyaux cach\u00e9s des Alpes suisses (depuis Zurich et Lucerne) - Switzerland by Locals","description":"D\u00e9couvrez les tr\u00e9sors cach\u00e9s des Alpes suisses lors d'un tour priv\u00e9 de luxe depuis Zurich et Lucerne.","robots":{"index":"index","follow":"follow","max-snippet":"max-snippet:-1","max-image-preview":"max-image-preview:large","max-video-preview":"max-video-preview:-1"},"canonical":"https:\/\/switzerlandbylocals.com\/fr\/des-alpes-zurich-et-lucerne\/","og_locale":"fr_FR","og_type":"article","og_title":"Tour priv\u00e9 de luxe dans les joyaux cach\u00e9s des Alpes suisses (depuis Zurich et Lucerne) - Switzerland by Locals","og_description":"D\u00e9couvrez les tr\u00e9sors cach\u00e9s des Alpes suisses lors d'un tour priv\u00e9 de luxe depuis Zurich et Lucerne.","og_url":"https:\/\/switzerlandbylocals.com\/fr\/des-alpes-zurich-et-lucerne\/","og_site_name":"Switzerland by Locals","article_published_time":"2023-12-04T19:40:47+00:00","article_modified_time":"2023-12-04T19:49:01+00:00","og_image":[{"width":1600,"height":800,"url":"https:\/\/switzerlandbylocals.com\/wp-content\/uploads\/2021\/09\/Titelbild_Swiss-Alps-Tour.jpg","type":"image\/jpeg"}],"author":"marc.gottw","twitter_card":"summary_large_image","twitter_misc":{"\u00c9crit par":"marc.gottw","Dur\u00e9e de lecture estim\u00e9e":"3 minutes"},"schema":{"@context":"https:\/\/schema.org","@graph":[{"@type":"Article","@id":"https:\/\/switzerlandbylocals.com\/fr\/des-alpes-zurich-et-lucerne\/#article","isPartOf":{"@id":"https:\/\/switzerlandbylocals.com\/fr\/des-alpes-zurich-et-lucerne\/"},"author":{"name":"marc.gottw","@id":"https:\/\/switzerlandbylocals.com\/en\/#\/schema\/person\/b9faf460227b0d1bc55783dbe9b8f4e2"},"headline":"Tour priv\u00e9 de luxe dans les joyaux cach\u00e9s des Alpes suisses (depuis Zurich et Lucerne)","datePublished":"2023-12-04T19:40:47+00:00","dateModified":"2023-12-04T19:49:01+00:00","mainEntityOfPage":{"@id":"https:\/\/switzerlandbylocals.com\/fr\/des-alpes-zurich-et-lucerne\/"},"wordCount":291,"publisher":{"@id":"https:\/\/switzerlandbylocals.com\/en\/#organization"},"image":{"@id":"https:\/\/switzerlandbylocals.com\/fr\/des-alpes-zurich-et-lucerne\/#primaryimage"},"thumbnailUrl":"https:\/\/switzerlandbylocals.com\/wp-content\/uploads\/2021\/09\/Titelbild_Swiss-Alps-Tour.jpg","articleSection":["Non classifi\u00e9(e)"],"inLanguage":"fr-FR"},{"@type":"WebPage","@id":"https:\/\/switzerlandbylocals.com\/fr\/des-alpes-zurich-et-lucerne\/","url":"https:\/\/switzerlandbylocals.com\/fr\/des-alpes-zurich-et-lucerne\/","name":"Tour priv\u00e9 de luxe dans les joyaux cach\u00e9s des Alpes suisses (depuis Zurich et Lucerne) - Switzerland by Locals","isPartOf":{"@id":"https:\/\/switzerlandbylocals.com\/en\/#website"},"primaryImageOfPage":{"@id":"https:\/\/switzerlandbylocals.com\/fr\/des-alpes-zurich-et-lucerne\/#primaryimage"},"image":{"@id":"https:\/\/switzerlandbylocals.com\/fr\/des-alpes-zurich-et-lucerne\/#primaryimage"},"thumbnailUrl":"https:\/\/switzerlandbylocals.com\/wp-content\/uploads\/2021\/09\/Titelbild_Swiss-Alps-Tour.jpg","datePublished":"2023-12-04T19:40:47+00:00","dateModified":"2023-12-04T19:49:01+00:00","description":"D\u00e9couvrez les tr\u00e9sors cach\u00e9s des Alpes suisses lors d'un tour priv\u00e9 de luxe depuis Zurich et Lucerne.","breadcrumb":{"@id":"https:\/\/switzerlandbylocals.com\/fr\/des-alpes-zurich-et-lucerne\/#breadcrumb"},"inLanguage":"fr-FR","potentialAction":[{"@type":"ReadAction","target":["https:\/\/switzerlandbylocals.com\/fr\/des-alpes-zurich-et-lucerne\/"]}]},{"@type":"ImageObject","inLanguage":"fr-FR","@id":"https:\/\/switzerlandbylocals.com\/fr\/des-alpes-zurich-et-lucerne\/#primaryimage","url":"https:\/\/switzerlandbylocals.com\/wp-content\/uploads\/2021\/09\/Titelbild_Swiss-Alps-Tour.jpg","contentUrl":"https:\/\/switzerlandbylocals.com\/wp-content\/uploads\/2021\/09\/Titelbild_Swiss-Alps-Tour.jpg","width":1600,"height":800},{"@type":"BreadcrumbList","@id":"https:\/\/switzerlandbylocals.com\/fr\/des-alpes-zurich-et-lucerne\/#breadcrumb","itemListElement":[{"@type":"ListItem","position":1,"name":"Startseite","item":"https:\/\/switzerlandbylocals.com\/fr\/"},{"@type":"ListItem","position":2,"name":"Tour priv\u00e9 de luxe dans les joyaux cach\u00e9s des Alpes suisses (depuis Zurich et Lucerne)"}]},{"@type":"WebSite","@id":"https:\/\/switzerlandbylocals.com\/en\/#website","url":"https:\/\/switzerlandbylocals.com\/en\/","name":"Switzerland by Locals","description":"","publisher":{"@id":"https:\/\/switzerlandbylocals.com\/en\/#organization"},"potentialAction":[{"@type":"SearchAction","target":{"@type":"EntryPoint","urlTemplate":"https:\/\/switzerlandbylocals.com\/en\/?s={search_term_string}"},"query-input":{"@type":"PropertyValueSpecification","valueRequired":true,"valueName":"search_term_string"}}],"inLanguage":"fr-FR"},{"@type":"Organization","@id":"https:\/\/switzerlandbylocals.com\/en\/#organization","name":"Switzerland by Locals","url":"https:\/\/switzerlandbylocals.com\/en\/","logo":{"@type":"ImageObject","inLanguage":"fr-FR","@id":"https:\/\/switzerlandbylocals.com\/en\/#\/schema\/logo\/image\/","url":"https:\/\/switzerlandbylocals.com\/wp-content\/uploads\/2021\/02\/Logo-V1.png","contentUrl":"https:\/\/switzerlandbylocals.com\/wp-content\/uploads\/2021\/02\/Logo-V1.png","width":2551,"height":667,"caption":"Switzerland by Locals"},"image":{"@id":"https:\/\/switzerlandbylocals.com\/en\/#\/schema\/logo\/image\/"}},{"@type":"Person","@id":"https:\/\/switzerlandbylocals.com\/en\/#\/schema\/person\/b9faf460227b0d1bc55783dbe9b8f4e2","name":"marc.gottw","image":{"@type":"ImageObject","inLanguage":"fr-FR","@id":"https:\/\/secure.gravatar.com\/avatar\/a010e12fdaac30d8115e19dbfd8f2f11effce8fce40a6046b2652155e2590b41?s=96&d=mm&r=g","url":"https:\/\/secure.gravatar.com\/avatar\/a010e12fdaac30d8115e19dbfd8f2f11effce8fce40a6046b2652155e2590b41?s=96&d=mm&r=g","contentUrl":"https:\/\/secure.gravatar.com\/avatar\/a010e12fdaac30d8115e19dbfd8f2f11effce8fce40a6046b2652155e2590b41?s=96&d=mm&r=g","caption":"marc.gottw"},"url":"https:\/\/switzerlandbylocals.com\/fr\/author\/marc-gottw\/"}]}},"_links":{"self":[{"href":"https:\/\/switzerlandbylocals.com\/fr\/wp-json\/wp\/v2\/posts\/17240","targetHints":{"allow":["GET"]}}],"collection":[{"href":"https:\/\/switzerlandbylocals.com\/fr\/wp-json\/wp\/v2\/posts"}],"about":[{"href":"https:\/\/switzerlandbylocals.com\/fr\/wp-json\/wp\/v2\/types\/post"}],"author":[{"embeddable":true,"href":"https:\/\/switzerlandbylocals.com\/fr\/wp-json\/wp\/v2\/users\/1"}],"replies":[{"embeddable":true,"href":"https:\/\/switzerlandbylocals.com\/fr\/wp-json\/wp\/v2\/comments?post=17240"}],"version-history":[{"count":9,"href":"https:\/\/switzerlandbylocals.com\/fr\/wp-json\/wp\/v2\/posts\/17240\/revisions"}],"predecessor-version":[{"id":17312,"href":"https:\/\/switzerlandbylocals.com\/fr\/wp-json\/wp\/v2\/posts\/17240\/revisions\/17312"}],"wp:featuredmedia":[{"embeddable":true,"href":"https:\/\/switzerlandbylocals.com\/fr\/wp-json\/wp\/v2\/media\/17249"}],"wp:attachment":[{"href":"https:\/\/switzerlandbylocals.com\/fr\/wp-json\/wp\/v2\/media?parent=17240"}],"wp:term":[{"taxonomy":"category","embeddable":true,"href":"https:\/\/switzerlandbylocals.com\/fr\/wp-json\/wp\/v2\/categories?post=17240"},{"taxonomy":"post_tag","embeddable":true,"href":"https:\/\/switzerlandbylocals.com\/fr\/wp-json\/wp\/v2\/tags?post=17240"}],"curies":[{"name":"wp","href":"https:\/\/api.w.org\/{rel}","templated":true}]}}