{"id":14634,"date":"2023-11-04T11:50:22","date_gmt":"2023-11-04T11:50:22","guid":{"rendered":"https:\/\/switzerlandbylocals.com\/?p=14634"},"modified":"2023-11-22T14:28:10","modified_gmt":"2023-11-22T14:28:10","slug":"uetliberg-il-top-di-zurigo-svizzera","status":"publish","type":"post","link":"https:\/\/switzerlandbylocals.com\/it\/uetliberg-il-top-di-zurigo-svizzera\/","title":{"rendered":"\u00dcetliberg (2023): Il TOP di ZURIGO | Svizzera"},"content":{"rendered":"<p><strong>L&#8217;\u00dcetliberg \u00e8 la montagna locale di Zurigo e offre molto. Qui puoi trovare i nostri 8 suggerimenti per escursioni.<\/strong><\/p>\n<p><img fetchpriority=\"high\" decoding=\"async\" class=\"alignnone size-full wp-image-13162\" src=\"https:\/\/switzerlandbylocals.com\/wp-content\/uploads\/2023\/01\/Titelbild_Ueetliberg.jpg\" alt=\"\" width=\"1920\" height=\"1280\" srcset=\"https:\/\/switzerlandbylocals.com\/wp-content\/uploads\/2023\/01\/Titelbild_Ueetliberg.jpg 1920w, https:\/\/switzerlandbylocals.com\/wp-content\/uploads\/2023\/01\/Titelbild_Ueetliberg-300x200.jpg 300w, https:\/\/switzerlandbylocals.com\/wp-content\/uploads\/2023\/01\/Titelbild_Ueetliberg-1024x683.jpg 1024w, https:\/\/switzerlandbylocals.com\/wp-content\/uploads\/2023\/01\/Titelbild_Ueetliberg-768x512.jpg 768w, https:\/\/switzerlandbylocals.com\/wp-content\/uploads\/2023\/01\/Titelbild_Ueetliberg-1536x1024.jpg 1536w\" sizes=\"(max-width: 1920px) 100vw, 1920px\" \/><br \/>\nDa quasi ovunque in citt\u00e0 puoi riconoscere l&#8217;\u00dcetliberg, perch\u00e9 \u00e8 la montagna con la alta torre TV. Non solo dalla citt\u00e0, la montagna di Zurigo \u00e8 splendida da vedere, la vista dall&#8217;alto \u00e8 ancora pi\u00f9 bella e rende il luogo una meta imperdibile per una mezza giornata a Zurigo.<\/p>\n<p>Quando Zurigo era ancora coperta dai ghiacciai 20.000 anni fa, la catena montuosa che oggi comprende l&#8217;\u00dcetliberg e il passo dell&#8217;Albis era la morena laterale del ghiacciaio del Reno. Quando il ghiacciaio avanz\u00f2, si spost\u00f2 molto materiale per fare spazio. Questo si \u00e8 accumulato sul lato, che spesso oggi si vede come colline e catene montuose.<\/p>\n<p>Ci\u00f2 che \u00e8 particolarmente affascinante sulla montagna locale di Zurigo \u00e8 che il sole brilla relativamente spesso, mentre Zurigo \u00e8 avvolta nella nebbia tutto il giorno. Questo spiega anche perch\u00e9 molte persone si dirigono verso l&#8217;\u00dcetliberg come meta in autunno, inverno e primavera.<\/p>\n<p><img decoding=\"async\" class=\"alignnone size-full wp-image-13142\" src=\"https:\/\/switzerlandbylocals.com\/wp-content\/uploads\/2023\/01\/1_Ueetliberg_Zuerichs_Hausberg.jpg\" alt=\"\" width=\"1920\" height=\"1280\" srcset=\"https:\/\/switzerlandbylocals.com\/wp-content\/uploads\/2023\/01\/1_Ueetliberg_Zuerichs_Hausberg.jpg 1920w, https:\/\/switzerlandbylocals.com\/wp-content\/uploads\/2023\/01\/1_Ueetliberg_Zuerichs_Hausberg-300x200.jpg 300w, https:\/\/switzerlandbylocals.com\/wp-content\/uploads\/2023\/01\/1_Ueetliberg_Zuerichs_Hausberg-1024x683.jpg 1024w, https:\/\/switzerlandbylocals.com\/wp-content\/uploads\/2023\/01\/1_Ueetliberg_Zuerichs_Hausberg-768x512.jpg 768w, https:\/\/switzerlandbylocals.com\/wp-content\/uploads\/2023\/01\/1_Ueetliberg_Zuerichs_Hausberg-1536x1024.jpg 1536w\" sizes=\"(max-width: 1920px) 100vw, 1920px\" \/><\/p>\n<h2><strong>Viaggio da Zurigo all&#8217;\u00dcetliberg<\/strong><\/h2>\n<p>Il viaggio da Zurigo all&#8217;\u00dcetliberg \u00e8 molto semplice. Durante il giorno, sia nei giorni feriali che nei weekend, il treno \u00dcetlibergbahn (linea ferroviaria S 10) parte ogni 20 minuti dalla stazione principale di Zurigo (HB) fino alla montagna locale della pi\u00f9 grande citt\u00e0 della Svizzera. Il viaggio dura circa 25 minuti. Dopo di che, devi camminare per circa 10 minuti e alcuni metri in altitudine dalla stazione superiore alla destinazione. In totale, ci vogliono circa 35 minuti dalla Z\u00fcrich HB alla montagna.<br \/>\n<img decoding=\"async\" class=\"alignnone size-full wp-image-13144\" src=\"https:\/\/switzerlandbylocals.com\/wp-content\/uploads\/2023\/01\/2_Ueetlibergbahn.jpg\" alt=\"\" width=\"1920\" height=\"1280\" srcset=\"https:\/\/switzerlandbylocals.com\/wp-content\/uploads\/2023\/01\/2_Ueetlibergbahn.jpg 1920w, https:\/\/switzerlandbylocals.com\/wp-content\/uploads\/2023\/01\/2_Ueetlibergbahn-300x200.jpg 300w, https:\/\/switzerlandbylocals.com\/wp-content\/uploads\/2023\/01\/2_Ueetlibergbahn-1024x683.jpg 1024w, https:\/\/switzerlandbylocals.com\/wp-content\/uploads\/2023\/01\/2_Ueetlibergbahn-768x512.jpg 768w, https:\/\/switzerlandbylocals.com\/wp-content\/uploads\/2023\/01\/2_Ueetlibergbahn-1536x1024.jpg 1536w\" sizes=\"(max-width: 1920px) 100vw, 1920px\" \/><br \/>\nIl sentiero \u00e8 adatto ai passeggini e accessibile in sedia a rotelle.<\/p>\n<p>Se visiti Zurigo per almeno 24 ore o fai pi\u00f9 di 3 viaggi in treno\/tram nel cerchio della citt\u00e0 interna, puoi acquistare un biglietto Albis 24 ore. Questo ti offre viaggi gratuiti per 24 ore nelle zone 150, 151, 154 oltre alla zona 110, che \u00e8 valida per la citt\u00e0 di Zurigo. Se hai solo la zona 110, devi acquistare un biglietto di connessione aggiuntivo, che alla fine \u00e8 pi\u00f9 costoso. Il biglietto costa 17,60 CHF per gli adulti (dal 2023). Gli ospiti con l&#8217;Half-Fare Card pagano 8,80 CHF, mentre le zone sono incluse nell&#8217;Abbonamento Generale e nel Swiss Travel Pass.<\/p>\n<h2><strong>Torre di osservazione \u00dcetliberg<\/strong><\/h2>\n<p>La torre di osservazione \u00dcetliberg \u00e8 popolare e offre viste panoramiche ancora migliori rispetto alla piattaforma. \u00c8 adatta a tutte le persone che non temono le altezze, poich\u00e9 la torre \u00e8 alta 72 metri e si salgono 178 gradini. \u00c8 importante sapere che la piattaforma per i visitatori si trova a circa 30 metri, il che significa che non puoi arrivare fino alla cima della torre.<br \/>\nIl costo d&#8217;ingresso \u00e8 di 2 CHF e deve essere pagato in monete. \u00c8 quindi consigliabile portare uno o due franchi.<\/p>\n<p><img loading=\"lazy\" decoding=\"async\" class=\"alignnone size-full wp-image-13146\" src=\"https:\/\/switzerlandbylocals.com\/wp-content\/uploads\/2023\/01\/3_Ueetlibergturm.jpg\" alt=\"\" width=\"1920\" height=\"1280\" srcset=\"https:\/\/switzerlandbylocals.com\/wp-content\/uploads\/2023\/01\/3_Ueetlibergturm.jpg 1920w, https:\/\/switzerlandbylocals.com\/wp-content\/uploads\/2023\/01\/3_Ueetlibergturm-300x200.jpg 300w, https:\/\/switzerlandbylocals.com\/wp-content\/uploads\/2023\/01\/3_Ueetlibergturm-1024x683.jpg 1024w, https:\/\/switzerlandbylocals.com\/wp-content\/uploads\/2023\/01\/3_Ueetlibergturm-768x512.jpg 768w, https:\/\/switzerlandbylocals.com\/wp-content\/uploads\/2023\/01\/3_Ueetlibergturm-1536x1024.jpg 1536w\" sizes=\"(max-width: 1920px) 100vw, 1920px\" \/> <img loading=\"lazy\" decoding=\"async\" class=\"alignnone size-full wp-image-13148\" src=\"https:\/\/switzerlandbylocals.com\/wp-content\/uploads\/2023\/01\/4_Ueetlibergturm.jpg\" alt=\"\" width=\"1920\" height=\"1280\" srcset=\"https:\/\/switzerlandbylocals.com\/wp-content\/uploads\/2023\/01\/4_Ueetlibergturm.jpg 1920w, https:\/\/switzerlandbylocals.com\/wp-content\/uploads\/2023\/01\/4_Ueetlibergturm-300x200.jpg 300w, https:\/\/switzerlandbylocals.com\/wp-content\/uploads\/2023\/01\/4_Ueetlibergturm-1024x683.jpg 1024w, https:\/\/switzerlandbylocals.com\/wp-content\/uploads\/2023\/01\/4_Ueetlibergturm-768x512.jpg 768w, https:\/\/switzerlandbylocals.com\/wp-content\/uploads\/2023\/01\/4_Ueetlibergturm-1536x1024.jpg 1536w\" sizes=\"(max-width: 1920px) 100vw, 1920px\" \/><\/p>\n<p>Per molto tempo la torre era gratuita, fino a quando il proprietario ha aumentato l&#8217;importo per la manutenzione a 2 CHF. Alcuni anni dopo, era gi\u00e0 di 5 CHF, ma c&#8217;\u00e8 stata una grande resistenza nella popolazione. Quindi il prezzo \u00e8 stato cambiato nuovamente a 2 CHF (dal 2023).<\/p>\n<h2><strong>Piattaforma panoramica \u00dcetliberg<\/strong><\/h2>\n<p>Una delle migliori viste della montagna locale di Zurigo si ha dalla piattaforma panoramica. \u00c8 gratuita e subito dopo la torre di osservazione. Nelle giornate limpide si ha una vista da sogno sulla citt\u00e0 di Zurigo, il Lago di Zurigo, le Alpi svizzere e persino la Foresta Nera tedesca. Inoltre, con buoni occhi, si possono vedere gli aerei che decollano dall&#8217;aeroporto.<br \/>\nDiverse panchine aspettano gli ospiti per rilassarsi comodamente. A volte, per\u00f2, il luogo \u00e8 piuttosto affollato. Questo \u00e8 particolarmente vero nei fine settimana in primavera e in autunno, quando Zurigo \u00e8 dominata dalla nebbia.<\/p>\n<h2><strong>Ristorante Uto Kulm<\/strong><\/h2>\n<p>Il ristorante Uto Kulm offre ai visitatori cibo in vari edifici come il giardino d&#8217;inverno, la terrazza e il Maiens\u00e4ss. Inoltre, ci sono bancarelle di cibo per strada all&#8217;aperto quando il tempo \u00e8 bello. In inverno, dall&#8217;inizio di novembre alla fine di dicembre, c&#8217;\u00e8 anche un Chalet Fondue, dove i visitatori possono gustare un men\u00f9 tradizionale svizzero sulla montagna locale di Zurigo.<br \/>\nInoltre, \u00e8 possibile soggiornare nell&#8217;hotel a standard 4 stelle.<\/p>\n<p><img loading=\"lazy\" decoding=\"async\" class=\"alignnone size-full wp-image-13150\" src=\"https:\/\/switzerlandbylocals.com\/wp-content\/uploads\/2023\/01\/5_Ueetliberg_Uto_Kulm.jpg\" alt=\"\" width=\"1920\" height=\"1280\" srcset=\"https:\/\/switzerlandbylocals.com\/wp-content\/uploads\/2023\/01\/5_Ueetliberg_Uto_Kulm.jpg 1920w, https:\/\/switzerlandbylocals.com\/wp-content\/uploads\/2023\/01\/5_Ueetliberg_Uto_Kulm-300x200.jpg 300w, https:\/\/switzerlandbylocals.com\/wp-content\/uploads\/2023\/01\/5_Ueetliberg_Uto_Kulm-1024x683.jpg 1024w, https:\/\/switzerlandbylocals.com\/wp-content\/uploads\/2023\/01\/5_Ueetliberg_Uto_Kulm-768x512.jpg 768w, https:\/\/switzerlandbylocals.com\/wp-content\/uploads\/2023\/01\/5_Ueetliberg_Uto_Kulm-1536x1024.jpg 1536w\" sizes=\"(max-width: 1920px) 100vw, 1920px\" \/><\/p>\n<h2><strong>Escursione panoramica \u00dcetliberg &#8211; Felsenegg (incluse la funivia)<\/strong><\/h2>\n<p>L&#8217;escursione panoramica da<a href=\"https:\/\/switzerlandbylocals.com\/it\/seelisberg-9-luoghi-da-sogno-da-visitare\/\"> \u00dcetliberg<\/a> a Felsenegg \u00e8 uno dei punti salienti della catena montuosa. In circa due ore si cammina dal punto di partenza su un sentiero comodo fino a Felsenegg, dove si trova un ristorante e una funivia. Se vuoi fare questa escursione, \u00e8 meglio acquistare direttamente un biglietto Zurigo &#8211; Felsenegg via \u00dcetliberg. Al ritorno ad Adliswil, puoi persino prendere il traghetto. C&#8217;\u00e8 anche un treno per tornare a Zurigo, che \u00e8 molto pi\u00f9 veloce.<br \/>\n<img loading=\"lazy\" decoding=\"async\" class=\"alignnone size-full wp-image-13152\" src=\"https:\/\/switzerlandbylocals.com\/wp-content\/uploads\/2023\/01\/6_Wanderweg_Ueetliberg_Felsenegg.jpg\" alt=\"\" width=\"1920\" height=\"1280\" srcset=\"https:\/\/switzerlandbylocals.com\/wp-content\/uploads\/2023\/01\/6_Wanderweg_Ueetliberg_Felsenegg.jpg 1920w, https:\/\/switzerlandbylocals.com\/wp-content\/uploads\/2023\/01\/6_Wanderweg_Ueetliberg_Felsenegg-300x200.jpg 300w, https:\/\/switzerlandbylocals.com\/wp-content\/uploads\/2023\/01\/6_Wanderweg_Ueetliberg_Felsenegg-1024x683.jpg 1024w, https:\/\/switzerlandbylocals.com\/wp-content\/uploads\/2023\/01\/6_Wanderweg_Ueetliberg_Felsenegg-768x512.jpg 768w, https:\/\/switzerlandbylocals.com\/wp-content\/uploads\/2023\/01\/6_Wanderweg_Ueetliberg_Felsenegg-1536x1024.jpg 1536w\" sizes=\"(max-width: 1920px) 100vw, 1920px\" \/> <img decoding=\"async\" class=\"alignnone size-full wp-image-13154\" src=\"https\/ switzerlandbylocals.com\/wp-content\/uploads\/2023\/01\/7_Ueetliberg_Felsenegg.jpg \" alt=\" \" width=\" 1920 \" height=\" 1280 \" srcset=\"https:\/\/switzerlandbylocals.com\/wp-content\/uploads\/2023\/01\/7_Ueetliberg_Felsenegg.jpg 1920w, https:\/\/switzerlandbylocals.com\/wp-content\/uploads\/2023\/01\/7_Ueetliberg_Felsenegg-300x200.jpg 300w, https:\/\/switzerlandbylocals.com\/wp-content\/uploads\/2023\/01\/7_Ueetliberg_Felsenegg-1024x683.jpg 1024w, https:\/\/switzerlandbylocals.com\/wp-content\/uploads\/2023\/01\/7_Ueetliberg_Felsenegg-768x512.jpg 768w, https:\/\/switzerlandbylocals.com\/wp-content\/uploads\/2023\/01\/7_Ueetliberg_Felsenegg-1536x1024.jpg 1536w\" sizes=\"(max-width: 1920px) 100vw, 1920px\" \/> <img loading=\"lazy\" decoding=\"async\" class=\"alignnone size-full wp-image-13156\" src=\"https:\/\/switzerlandbylocals.com\/wp-content\/uploads\/2023\/01\/8_Ueetliberg_Felseneggwanderung.jpg\" alt=\"\" width=\"1920\" height=\"1280\" srcset=\"https:\/\/switzerlandbylocals.com\/wp-content\/uploads\/2023\/01\/8_Ueetliberg_Felseneggwanderung.jpg 1920w, https:\/\/switzerlandbylocals.com\/wp-content\/uploads\/2023\/01\/8_Ueetliberg_Felseneggwanderung-300x200.jpg 300w, https:\/\/switzerlandbylocals.com\/wp-content\/uploads\/2023\/01\/8_Ueetliberg_Felseneggwanderung-1024x683.jpg 1024w, https:\/\/switzerlandbylocals.com\/wp-content\/uploads\/2023\/01\/8_Ueetliberg_Felseneggwanderung-768x512.jpg 768w, https:\/\/switzerlandbylocals.com\/wp-content\/uploads\/2023\/01\/8_Ueetliberg_Felseneggwanderung-1536x1024.jpg 1536w\" sizes=\"(max-width: 1920px) 100vw, 1920px\" \/> <img loading=\"lazy\" decoding=\"async\" class=\"alignnone size-full wp-image-13158\" src=\"https:\/\/switzerlandbylocals.com\/wp-content\/uploads\/2023\/01\/9_Restaurant_Felsenegg.jpg\" alt=\"\" width=\"1920\" height=\"1280\" srcset=\"https:\/\/switzerlandbylocals.com\/wp-content\/uploads\/2023\/01\/9_Restaurant_Felsenegg.jpg 1920w, https:\/\/switzerlandbylocals.com\/wp-content\/uploads\/2023\/01\/9_Restaurant_Felsenegg-300x200.jpg 300w, https:\/\/switzerlandbylocals.com\/wp-content\/uploads\/2023\/01\/9_Restaurant_Felsenegg-1024x683.jpg 1024w, https:\/\/switzerlandbylocals.com\/wp-content\/uploads\/2023\/01\/9_Restaurant_Felsenegg-768x512.jpg 768w, https:\/\/switzerlandbylocals.com\/wp-content\/uploads\/2023\/01\/9_Restaurant_Felsenegg-1536x1024.jpg 1536w\" sizes=\"(max-width: 1920px) 100vw, 1920px\" \/> <img loading=\"lazy\" decoding=\"async\" class=\"alignnone size-full wp-image-13160\" src=\"https:\/\/switzerlandbylocals.com\/wp-content\/uploads\/2023\/01\/10_Seilbahn_Felsenegg.jpg\" alt=\"\" width=\"1920\" height=\"1280\" srcset=\"https:\/\/switzerlandbylocals.com\/wp-content\/uploads\/2023\/01\/10_Seilbahn_Felsenegg.jpg 1920w, https:\/\/switzerlandbylocals.com\/wp-content\/uploads\/2023\/01\/10_Seilbahn_Felsenegg-300x200.jpg 300w, https:\/\/switzerlandbylocals.com\/wp-content\/uploads\/2023\/01\/10_Seilbahn_Felsenegg-1024x683.jpg 1024w, https:\/\/switzerlandbylocals.com\/wp-content\/uploads\/2023\/01\/10_Seilbahn_Felsenegg-768x512.jpg 768w, https:\/\/switzerlandbylocals.com\/wp-content\/uploads\/2023\/01\/10_Seilbahn_Felsenegg-1536x1024.jpg 1536w\" sizes=\"(max-width: 1920px) 100vw, 1920px\" \/><\/p>\n<p>L&#8217;intero percorso \u00e8 adatto ai passeggini ed \u00e8 accessibile anche in sedia a rotelle. L&#8217;escursione \u00e8 facile, per lo pi\u00f9 pianeggiante e sarete sorpresi pi\u00f9 volte da fantastici punti panoramici. Inoltre, nei bei fine settimana tra primavera e autunno, ci sono due ristoranti lungo il percorso. Uno di loro si trova in una fattoria.<\/p>\n<p>Un&#8217;attrazione per i bambini \u00e8 il Planet Trail, dove si cammina davanti a vari pianeti fino a raggiungere Felsenegg. Un metro sul sentiero tematico corrisponde a 1 milione di chilometri.<\/p>\n<h2><strong>Escursione \u00dcetliberg &#8211; Zurigo<\/strong><\/h2>\n<p>\u00c8 anche consigliata l&#8217;escursione da \u00dcetliberg alla pi\u00f9 grande citt\u00e0 della Svizzera (o viceversa). Ci vogliono circa un&#8217;ora, si svolge attraverso sentieri forestali e strade ed \u00e8 ideale quando il percorso \u00e8 privo di neve &#8211; e soprattutto di ghiaccio.<br \/>\nTra i zurighesi \u00e8 popolare fare l&#8217;escursione prima dell&#8217;alba per poter godere della bellissima atmosfera mattutina dalla montagna.<\/p>\n<h2><strong>Ciclismo<\/strong><\/h2>\n<p>Se ti trovi nella citt\u00e0 di Zurigo e ti piace il ciclismo, dovresti sicuramente provare il percorso in mountain bike sull&#8217;\u00dcetliberg. Ci sono due percorsi. Sul percorso pi\u00f9 lungo, scendi per 11 minuti e sali per 30 minuti su una lunghezza di 3,5 chilometri. La partenza \u00e8 nella zona della Torre TV, l&#8217;arrivo \u00e8 alla stazione ferroviaria di Triemli.<\/p>\n<h2><strong>Slittino in inverno sull&#8217;\u00dcetliberg<\/strong><\/h2>\n<p>In inverno, quando c&#8217;\u00e8 abbastanza neve, c&#8217;\u00e8 un percorso per lo slittino dall&#8217;\u00dcetliberg attraverso la foresta innevata fino a Triemli. La pista \u00e8 lunga oltre 3 chilometri e offre molta azione. Puoi persino scivolare di notte con una torcia. A causa del riscaldamento globale, questo evento diventa sempre pi\u00f9 raro ogni inverno. I slitte sono disponibili per il noleggio nell&#8217;hotel di montagna Uto Kulm.<br \/>\nCome famiglia, \u00e8 consigliata la pista per lo slittino a Ringlikon, che \u00e8 molto pi\u00f9 sicura rispetto alla lunga discesa in citt\u00e0.<\/p>\n","protected":false},"excerpt":{"rendered":"<p>Discover 8 great excursion &#038; sightseeing tips on the \u00dcetliberg.<\/p>\n","protected":false},"author":1,"featured_media":14645,"comment_status":"closed","ping_status":"closed","sticky":false,"template":"","format":"standard","meta":{"footnotes":""},"categories":[212],"tags":[],"class_list":["post-14634","post","type-post","status-publish","format-standard","has-post-thumbnail","hentry","category-turismo"],"yoast_head":"<!-- This site is optimized with the Yoast SEO plugin v27.5 - https:\/\/yoast.com\/product\/yoast-seo-wordpress\/ -->\n<title>\u00dcetliberg (2023): Il TOP di ZURIGO | Svizzera - Switzerland by Locals<\/title>\n<meta name=\"description\" content=\"Esplora Seelisberg e \u00dcetliberg nel 2023: scopri il meglio di Zurigo, Svizzera. Da panorami mozzafiato a esperienze indimenticabili, vivi il top della citt\u00e0 e della natura.\" \/>\n<meta name=\"robots\" content=\"index, follow, max-snippet:-1, max-image-preview:large, max-video-preview:-1\" \/>\n<link rel=\"canonical\" href=\"https:\/\/switzerlandbylocals.com\/it\/uetliberg-il-top-di-zurigo-svizzera\/\" \/>\n<meta property=\"og:locale\" content=\"it_IT\" \/>\n<meta property=\"og:type\" content=\"article\" \/>\n<meta property=\"og:title\" content=\"\u00dcetliberg (2023): Il TOP di ZURIGO | Svizzera - Switzerland by Locals\" \/>\n<meta property=\"og:description\" content=\"Esplora Seelisberg e \u00dcetliberg nel 2023: scopri il meglio di Zurigo, Svizzera. Da panorami mozzafiato a esperienze indimenticabili, vivi il top della citt\u00e0 e della natura.\" \/>\n<meta property=\"og:url\" content=\"https:\/\/switzerlandbylocals.com\/it\/uetliberg-il-top-di-zurigo-svizzera\/\" \/>\n<meta property=\"og:site_name\" content=\"Switzerland by Locals\" \/>\n<meta property=\"article:published_time\" content=\"2023-11-04T11:50:22+00:00\" \/>\n<meta property=\"article:modified_time\" content=\"2023-11-22T14:28:10+00:00\" \/>\n<meta property=\"og:image\" content=\"https:\/\/switzerlandbylocals.com\/wp-content\/uploads\/2023\/01\/Titelbild_Ueetliberg.jpg\" \/>\n\t<meta property=\"og:image:width\" content=\"1920\" \/>\n\t<meta property=\"og:image:height\" content=\"1280\" \/>\n\t<meta property=\"og:image:type\" content=\"image\/jpeg\" \/>\n<meta name=\"author\" content=\"marc.gottw\" \/>\n<meta name=\"twitter:card\" content=\"summary_large_image\" \/>\n<meta name=\"twitter:label1\" content=\"Scritto da\" \/>\n\t<meta name=\"twitter:data1\" content=\"marc.gottw\" \/>\n\t<meta name=\"twitter:label2\" content=\"Tempo di lettura stimato\" \/>\n\t<meta name=\"twitter:data2\" content=\"7 minuti\" \/>\n<script type=\"application\/ld+json\" class=\"yoast-schema-graph\">{\"@context\":\"https:\\\/\\\/schema.org\",\"@graph\":[{\"@type\":\"Article\",\"@id\":\"https:\\\/\\\/switzerlandbylocals.com\\\/it\\\/uetliberg-il-top-di-zurigo-svizzera\\\/#article\",\"isPartOf\":{\"@id\":\"https:\\\/\\\/switzerlandbylocals.com\\\/it\\\/uetliberg-il-top-di-zurigo-svizzera\\\/\"},\"author\":{\"name\":\"marc.gottw\",\"@id\":\"https:\\\/\\\/switzerlandbylocals.com\\\/en\\\/#\\\/schema\\\/person\\\/b9faf460227b0d1bc55783dbe9b8f4e2\"},\"headline\":\"\u00dcetliberg (2023): Il TOP di ZURIGO | Svizzera\",\"datePublished\":\"2023-11-04T11:50:22+00:00\",\"dateModified\":\"2023-11-22T14:28:10+00:00\",\"mainEntityOfPage\":{\"@id\":\"https:\\\/\\\/switzerlandbylocals.com\\\/it\\\/uetliberg-il-top-di-zurigo-svizzera\\\/\"},\"wordCount\":1003,\"publisher\":{\"@id\":\"https:\\\/\\\/switzerlandbylocals.com\\\/en\\\/#organization\"},\"image\":{\"@id\":\"https:\\\/\\\/switzerlandbylocals.com\\\/it\\\/uetliberg-il-top-di-zurigo-svizzera\\\/#primaryimage\"},\"thumbnailUrl\":\"https:\\\/\\\/switzerlandbylocals.com\\\/wp-content\\\/uploads\\\/2023\\\/01\\\/Titelbild_Ueetliberg.jpg\",\"articleSection\":[\"turismo\"],\"inLanguage\":\"it-IT\"},{\"@type\":\"WebPage\",\"@id\":\"https:\\\/\\\/switzerlandbylocals.com\\\/it\\\/uetliberg-il-top-di-zurigo-svizzera\\\/\",\"url\":\"https:\\\/\\\/switzerlandbylocals.com\\\/it\\\/uetliberg-il-top-di-zurigo-svizzera\\\/\",\"name\":\"\u00dcetliberg (2023): Il TOP di ZURIGO | Svizzera - Switzerland by Locals\",\"isPartOf\":{\"@id\":\"https:\\\/\\\/switzerlandbylocals.com\\\/en\\\/#website\"},\"primaryImageOfPage\":{\"@id\":\"https:\\\/\\\/switzerlandbylocals.com\\\/it\\\/uetliberg-il-top-di-zurigo-svizzera\\\/#primaryimage\"},\"image\":{\"@id\":\"https:\\\/\\\/switzerlandbylocals.com\\\/it\\\/uetliberg-il-top-di-zurigo-svizzera\\\/#primaryimage\"},\"thumbnailUrl\":\"https:\\\/\\\/switzerlandbylocals.com\\\/wp-content\\\/uploads\\\/2023\\\/01\\\/Titelbild_Ueetliberg.jpg\",\"datePublished\":\"2023-11-04T11:50:22+00:00\",\"dateModified\":\"2023-11-22T14:28:10+00:00\",\"description\":\"Esplora Seelisberg e \u00dcetliberg nel 2023: scopri il meglio di Zurigo, Svizzera. Da panorami mozzafiato a esperienze indimenticabili, vivi il top della citt\u00e0 e della natura.\",\"breadcrumb\":{\"@id\":\"https:\\\/\\\/switzerlandbylocals.com\\\/it\\\/uetliberg-il-top-di-zurigo-svizzera\\\/#breadcrumb\"},\"inLanguage\":\"it-IT\",\"potentialAction\":[{\"@type\":\"ReadAction\",\"target\":[\"https:\\\/\\\/switzerlandbylocals.com\\\/it\\\/uetliberg-il-top-di-zurigo-svizzera\\\/\"]}]},{\"@type\":\"ImageObject\",\"inLanguage\":\"it-IT\",\"@id\":\"https:\\\/\\\/switzerlandbylocals.com\\\/it\\\/uetliberg-il-top-di-zurigo-svizzera\\\/#primaryimage\",\"url\":\"https:\\\/\\\/switzerlandbylocals.com\\\/wp-content\\\/uploads\\\/2023\\\/01\\\/Titelbild_Ueetliberg.jpg\",\"contentUrl\":\"https:\\\/\\\/switzerlandbylocals.com\\\/wp-content\\\/uploads\\\/2023\\\/01\\\/Titelbild_Ueetliberg.jpg\",\"width\":1920,\"height\":1280},{\"@type\":\"BreadcrumbList\",\"@id\":\"https:\\\/\\\/switzerlandbylocals.com\\\/it\\\/uetliberg-il-top-di-zurigo-svizzera\\\/#breadcrumb\",\"itemListElement\":[{\"@type\":\"ListItem\",\"position\":1,\"name\":\"Startseite\",\"item\":\"https:\\\/\\\/switzerlandbylocals.com\\\/it\\\/\"},{\"@type\":\"ListItem\",\"position\":2,\"name\":\"\u00dcetliberg (2023): Il TOP di ZURIGO | Svizzera\"}]},{\"@type\":\"WebSite\",\"@id\":\"https:\\\/\\\/switzerlandbylocals.com\\\/en\\\/#website\",\"url\":\"https:\\\/\\\/switzerlandbylocals.com\\\/en\\\/\",\"name\":\"Switzerland by Locals\",\"description\":\"\",\"publisher\":{\"@id\":\"https:\\\/\\\/switzerlandbylocals.com\\\/en\\\/#organization\"},\"potentialAction\":[{\"@type\":\"SearchAction\",\"target\":{\"@type\":\"EntryPoint\",\"urlTemplate\":\"https:\\\/\\\/switzerlandbylocals.com\\\/en\\\/?s={search_term_string}\"},\"query-input\":{\"@type\":\"PropertyValueSpecification\",\"valueRequired\":true,\"valueName\":\"search_term_string\"}}],\"inLanguage\":\"it-IT\"},{\"@type\":\"Organization\",\"@id\":\"https:\\\/\\\/switzerlandbylocals.com\\\/en\\\/#organization\",\"name\":\"Switzerland by Locals\",\"url\":\"https:\\\/\\\/switzerlandbylocals.com\\\/en\\\/\",\"logo\":{\"@type\":\"ImageObject\",\"inLanguage\":\"it-IT\",\"@id\":\"https:\\\/\\\/switzerlandbylocals.com\\\/en\\\/#\\\/schema\\\/logo\\\/image\\\/\",\"url\":\"https:\\\/\\\/switzerlandbylocals.com\\\/wp-content\\\/uploads\\\/2021\\\/02\\\/Logo-V1.png\",\"contentUrl\":\"https:\\\/\\\/switzerlandbylocals.com\\\/wp-content\\\/uploads\\\/2021\\\/02\\\/Logo-V1.png\",\"width\":2551,\"height\":667,\"caption\":\"Switzerland by Locals\"},\"image\":{\"@id\":\"https:\\\/\\\/switzerlandbylocals.com\\\/en\\\/#\\\/schema\\\/logo\\\/image\\\/\"}},{\"@type\":\"Person\",\"@id\":\"https:\\\/\\\/switzerlandbylocals.com\\\/en\\\/#\\\/schema\\\/person\\\/b9faf460227b0d1bc55783dbe9b8f4e2\",\"name\":\"marc.gottw\",\"image\":{\"@type\":\"ImageObject\",\"inLanguage\":\"it-IT\",\"@id\":\"https:\\\/\\\/secure.gravatar.com\\\/avatar\\\/a010e12fdaac30d8115e19dbfd8f2f11effce8fce40a6046b2652155e2590b41?s=96&d=mm&r=g\",\"url\":\"https:\\\/\\\/secure.gravatar.com\\\/avatar\\\/a010e12fdaac30d8115e19dbfd8f2f11effce8fce40a6046b2652155e2590b41?s=96&d=mm&r=g\",\"contentUrl\":\"https:\\\/\\\/secure.gravatar.com\\\/avatar\\\/a010e12fdaac30d8115e19dbfd8f2f11effce8fce40a6046b2652155e2590b41?s=96&d=mm&r=g\",\"caption\":\"marc.gottw\"},\"url\":\"https:\\\/\\\/switzerlandbylocals.com\\\/it\\\/author\\\/marc-gottw\\\/\"}]}<\/script>\n<!-- \/ Yoast SEO plugin. -->","yoast_head_json":{"title":"\u00dcetliberg (2023): Il TOP di ZURIGO | Svizzera - Switzerland by Locals","description":"Esplora Seelisberg e \u00dcetliberg nel 2023: scopri il meglio di Zurigo, Svizzera. Da panorami mozzafiato a esperienze indimenticabili, vivi il top della citt\u00e0 e della natura.","robots":{"index":"index","follow":"follow","max-snippet":"max-snippet:-1","max-image-preview":"max-image-preview:large","max-video-preview":"max-video-preview:-1"},"canonical":"https:\/\/switzerlandbylocals.com\/it\/uetliberg-il-top-di-zurigo-svizzera\/","og_locale":"it_IT","og_type":"article","og_title":"\u00dcetliberg (2023): Il TOP di ZURIGO | Svizzera - Switzerland by Locals","og_description":"Esplora Seelisberg e \u00dcetliberg nel 2023: scopri il meglio di Zurigo, Svizzera. Da panorami mozzafiato a esperienze indimenticabili, vivi il top della citt\u00e0 e della natura.","og_url":"https:\/\/switzerlandbylocals.com\/it\/uetliberg-il-top-di-zurigo-svizzera\/","og_site_name":"Switzerland by Locals","article_published_time":"2023-11-04T11:50:22+00:00","article_modified_time":"2023-11-22T14:28:10+00:00","og_image":[{"width":1920,"height":1280,"url":"https:\/\/switzerlandbylocals.com\/wp-content\/uploads\/2023\/01\/Titelbild_Ueetliberg.jpg","type":"image\/jpeg"}],"author":"marc.gottw","twitter_card":"summary_large_image","twitter_misc":{"Scritto da":"marc.gottw","Tempo di lettura stimato":"7 minuti"},"schema":{"@context":"https:\/\/schema.org","@graph":[{"@type":"Article","@id":"https:\/\/switzerlandbylocals.com\/it\/uetliberg-il-top-di-zurigo-svizzera\/#article","isPartOf":{"@id":"https:\/\/switzerlandbylocals.com\/it\/uetliberg-il-top-di-zurigo-svizzera\/"},"author":{"name":"marc.gottw","@id":"https:\/\/switzerlandbylocals.com\/en\/#\/schema\/person\/b9faf460227b0d1bc55783dbe9b8f4e2"},"headline":"\u00dcetliberg (2023): Il TOP di ZURIGO | Svizzera","datePublished":"2023-11-04T11:50:22+00:00","dateModified":"2023-11-22T14:28:10+00:00","mainEntityOfPage":{"@id":"https:\/\/switzerlandbylocals.com\/it\/uetliberg-il-top-di-zurigo-svizzera\/"},"wordCount":1003,"publisher":{"@id":"https:\/\/switzerlandbylocals.com\/en\/#organization"},"image":{"@id":"https:\/\/switzerlandbylocals.com\/it\/uetliberg-il-top-di-zurigo-svizzera\/#primaryimage"},"thumbnailUrl":"https:\/\/switzerlandbylocals.com\/wp-content\/uploads\/2023\/01\/Titelbild_Ueetliberg.jpg","articleSection":["turismo"],"inLanguage":"it-IT"},{"@type":"WebPage","@id":"https:\/\/switzerlandbylocals.com\/it\/uetliberg-il-top-di-zurigo-svizzera\/","url":"https:\/\/switzerlandbylocals.com\/it\/uetliberg-il-top-di-zurigo-svizzera\/","name":"\u00dcetliberg (2023): Il TOP di ZURIGO | Svizzera - Switzerland by Locals","isPartOf":{"@id":"https:\/\/switzerlandbylocals.com\/en\/#website"},"primaryImageOfPage":{"@id":"https:\/\/switzerlandbylocals.com\/it\/uetliberg-il-top-di-zurigo-svizzera\/#primaryimage"},"image":{"@id":"https:\/\/switzerlandbylocals.com\/it\/uetliberg-il-top-di-zurigo-svizzera\/#primaryimage"},"thumbnailUrl":"https:\/\/switzerlandbylocals.com\/wp-content\/uploads\/2023\/01\/Titelbild_Ueetliberg.jpg","datePublished":"2023-11-04T11:50:22+00:00","dateModified":"2023-11-22T14:28:10+00:00","description":"Esplora Seelisberg e \u00dcetliberg nel 2023: scopri il meglio di Zurigo, Svizzera. Da panorami mozzafiato a esperienze indimenticabili, vivi il top della citt\u00e0 e della natura.","breadcrumb":{"@id":"https:\/\/switzerlandbylocals.com\/it\/uetliberg-il-top-di-zurigo-svizzera\/#breadcrumb"},"inLanguage":"it-IT","potentialAction":[{"@type":"ReadAction","target":["https:\/\/switzerlandbylocals.com\/it\/uetliberg-il-top-di-zurigo-svizzera\/"]}]},{"@type":"ImageObject","inLanguage":"it-IT","@id":"https:\/\/switzerlandbylocals.com\/it\/uetliberg-il-top-di-zurigo-svizzera\/#primaryimage","url":"https:\/\/switzerlandbylocals.com\/wp-content\/uploads\/2023\/01\/Titelbild_Ueetliberg.jpg","contentUrl":"https:\/\/switzerlandbylocals.com\/wp-content\/uploads\/2023\/01\/Titelbild_Ueetliberg.jpg","width":1920,"height":1280},{"@type":"BreadcrumbList","@id":"https:\/\/switzerlandbylocals.com\/it\/uetliberg-il-top-di-zurigo-svizzera\/#breadcrumb","itemListElement":[{"@type":"ListItem","position":1,"name":"Startseite","item":"https:\/\/switzerlandbylocals.com\/it\/"},{"@type":"ListItem","position":2,"name":"\u00dcetliberg (2023): Il TOP di ZURIGO | Svizzera"}]},{"@type":"WebSite","@id":"https:\/\/switzerlandbylocals.com\/en\/#website","url":"https:\/\/switzerlandbylocals.com\/en\/","name":"Switzerland by Locals","description":"","publisher":{"@id":"https:\/\/switzerlandbylocals.com\/en\/#organization"},"potentialAction":[{"@type":"SearchAction","target":{"@type":"EntryPoint","urlTemplate":"https:\/\/switzerlandbylocals.com\/en\/?s={search_term_string}"},"query-input":{"@type":"PropertyValueSpecification","valueRequired":true,"valueName":"search_term_string"}}],"inLanguage":"it-IT"},{"@type":"Organization","@id":"https:\/\/switzerlandbylocals.com\/en\/#organization","name":"Switzerland by Locals","url":"https:\/\/switzerlandbylocals.com\/en\/","logo":{"@type":"ImageObject","inLanguage":"it-IT","@id":"https:\/\/switzerlandbylocals.com\/en\/#\/schema\/logo\/image\/","url":"https:\/\/switzerlandbylocals.com\/wp-content\/uploads\/2021\/02\/Logo-V1.png","contentUrl":"https:\/\/switzerlandbylocals.com\/wp-content\/uploads\/2021\/02\/Logo-V1.png","width":2551,"height":667,"caption":"Switzerland by Locals"},"image":{"@id":"https:\/\/switzerlandbylocals.com\/en\/#\/schema\/logo\/image\/"}},{"@type":"Person","@id":"https:\/\/switzerlandbylocals.com\/en\/#\/schema\/person\/b9faf460227b0d1bc55783dbe9b8f4e2","name":"marc.gottw","image":{"@type":"ImageObject","inLanguage":"it-IT","@id":"https:\/\/secure.gravatar.com\/avatar\/a010e12fdaac30d8115e19dbfd8f2f11effce8fce40a6046b2652155e2590b41?s=96&d=mm&r=g","url":"https:\/\/secure.gravatar.com\/avatar\/a010e12fdaac30d8115e19dbfd8f2f11effce8fce40a6046b2652155e2590b41?s=96&d=mm&r=g","contentUrl":"https:\/\/secure.gravatar.com\/avatar\/a010e12fdaac30d8115e19dbfd8f2f11effce8fce40a6046b2652155e2590b41?s=96&d=mm&r=g","caption":"marc.gottw"},"url":"https:\/\/switzerlandbylocals.com\/it\/author\/marc-gottw\/"}]}},"_links":{"self":[{"href":"https:\/\/switzerlandbylocals.com\/it\/wp-json\/wp\/v2\/posts\/14634","targetHints":{"allow":["GET"]}}],"collection":[{"href":"https:\/\/switzerlandbylocals.com\/it\/wp-json\/wp\/v2\/posts"}],"about":[{"href":"https:\/\/switzerlandbylocals.com\/it\/wp-json\/wp\/v2\/types\/post"}],"author":[{"embeddable":true,"href":"https:\/\/switzerlandbylocals.com\/it\/wp-json\/wp\/v2\/users\/1"}],"replies":[{"embeddable":true,"href":"https:\/\/switzerlandbylocals.com\/it\/wp-json\/wp\/v2\/comments?post=14634"}],"version-history":[{"count":3,"href":"https:\/\/switzerlandbylocals.com\/it\/wp-json\/wp\/v2\/posts\/14634\/revisions"}],"predecessor-version":[{"id":16043,"href":"https:\/\/switzerlandbylocals.com\/it\/wp-json\/wp\/v2\/posts\/14634\/revisions\/16043"}],"wp:featuredmedia":[{"embeddable":true,"href":"https:\/\/switzerlandbylocals.com\/it\/wp-json\/wp\/v2\/media\/14645"}],"wp:attachment":[{"href":"https:\/\/switzerlandbylocals.com\/it\/wp-json\/wp\/v2\/media?parent=14634"}],"wp:term":[{"taxonomy":"category","embeddable":true,"href":"https:\/\/switzerlandbylocals.com\/it\/wp-json\/wp\/v2\/categories?post=14634"},{"taxonomy":"post_tag","embeddable":true,"href":"https:\/\/switzerlandbylocals.com\/it\/wp-json\/wp\/v2\/tags?post=14634"}],"curies":[{"name":"wp","href":"https:\/\/api.w.org\/{rel}","templated":true}]}}