{"id":17868,"date":"2023-12-05T18:10:52","date_gmt":"2023-12-05T18:10:52","guid":{"rendered":"https:\/\/switzerlandbylocals.com\/?p=17868"},"modified":"2023-12-05T18:37:16","modified_gmt":"2023-12-05T18:37:16","slug":"escursione-sul-hoher-kasten","status":"publish","type":"post","link":"https:\/\/switzerlandbylocals.com\/it\/escursione-sul-hoher-kasten\/","title":{"rendered":"Escursione sul Hoher Kasten con panorama di montagna"},"content":{"rendered":"\t\t<div data-elementor-type=\"wp-post\" data-elementor-id=\"17868\" class=\"elementor elementor-17868\" data-elementor-post-type=\"post\">\n\t\t\t\t\t\t<section class=\"elementor-section elementor-top-section elementor-element elementor-element-47c6e4e elementor-section-boxed elementor-section-height-default elementor-section-height-default\" data-id=\"47c6e4e\" data-element_type=\"section\" data-e-type=\"section\">\n\t\t\t\t\t\t<div class=\"elementor-container elementor-column-gap-default\">\n\t\t\t\t\t<div class=\"elementor-column elementor-col-100 elementor-top-column elementor-element elementor-element-74424dcb\" data-id=\"74424dcb\" data-element_type=\"column\" data-e-type=\"column\">\n\t\t\t<div class=\"elementor-widget-wrap elementor-element-populated\">\n\t\t\t\t\t\t<div class=\"elementor-element elementor-element-73aff950 elementor-widget elementor-widget-text-editor\" data-id=\"73aff950\" data-element_type=\"widget\" data-e-type=\"widget\" data-widget_type=\"text-editor.default\">\n\t\t\t\t<div class=\"elementor-widget-container\">\n\t\t\t\t\t\t\t\t\t<h2><strong>Hoher Kasten: Escursione con una vista panoramica nell&#8217;area dell'&#8221;Alpstein&#8221;<\/strong><\/h2><p><strong>Un&#8217;escursione al &#8220;Hoher Kasten&#8221; inclusa una passeggiata al S\u00e4mtisersee \u00e8 una meta meritevole per tutti coloro che amano la natura.<\/strong><\/p><p>Testo e Immagini di Marc Gottwald<\/p><h2><strong>Riassunto dell&#8217;Escursione a Hoher Kasten<\/strong><\/h2><p>Tempo: 2 ore e 30 minuti<\/p><p>Tecnica e condizione: entrambe medie<\/p><p>Partenza: Stazione di montagna di Hoher Kasten<\/p><p>Destinazione: Stazione a valle di Br\u00fclisau<\/p><p>&#8211; La passeggiata panoramica sul &#8220;Hoher Kasten&#8221; \u00e8 una passeggiata da favola: con viste fantastiche sulle montagne dell&#8217;Alpstein e sul S\u00e4mtisersee, sul Reno e persino sul Lago di Costanza.<\/p><p>&#8211; Discese in parte ripide: Per le persone con problemi alle ginocchia, si consiglia il percorso inverso (salita verso l'&#8221;Hoher Kasten&#8221;).<\/p><p>&#8211; Oltre alla vista, l'&#8221;Hoher Kasten&#8221; offre anche un sentiero educativo dei fiori attraverso il giardino alpino e un ristorante panoramico girevole.<\/p><h2><strong>Nel mondo dei libri illustrati<\/strong><\/h2><p>S\u00ec, l'&#8221;Hoher Kasten&#8221; \u00e8 una destinazione piuttosto popolare. Ed \u00e8 per questo che <a href=\"https:\/\/www.hoherkasten.ch\/\" target=\"_blank\" rel=\"noopener\">la vetta<\/a> vicino alla stazione della funivia\/ristorante \u00e8 affollata di persone in una bella giornata del fine settimana. Durante la settimana o quando il tempo \u00e8 mutevole, tuttavia, molti non fanno affatto l&#8217;escursione.<\/p><p>Tuttavia, c&#8217;\u00e8 qualcosa di cos\u00ec magico nell&#8217;escursione che vale sicuramente la pena farla. La discesa con la sua vista panoramica sul S\u00e4mtisersee e sulle innumerevoli vette \u00e8 semplicemente indescrivibile! Qualcosa che bisogna vivere.<\/p><p><img fetchpriority=\"high\" decoding=\"async\" class=\"alignnone wp-image-2113 size-large\" src=\"https:\/\/switzerlandbylocals.com\/wp-content\/uploads\/2021\/03\/1Hoher-Kasten-_-Saemstisersee-1024x683.jpg\" alt=\"Viste sull'escursione a Hoher Kasten qui sul S\u00e4mtisersee.\" width=\"1024\" height=\"683\" srcset=\"https:\/\/switzerlandbylocals.com\/wp-content\/uploads\/2021\/03\/1Hoher-Kasten-_-Saemstisersee-1024x683.jpg 1024w, https:\/\/switzerlandbylocals.com\/wp-content\/uploads\/2021\/03\/1Hoher-Kasten-_-Saemstisersee-300x200.jpg 300w, https:\/\/switzerlandbylocals.com\/wp-content\/uploads\/2021\/03\/1Hoher-Kasten-_-Saemstisersee-768x512.jpg 768w, https:\/\/switzerlandbylocals.com\/wp-content\/uploads\/2021\/03\/1Hoher-Kasten-_-Saemstisersee-1536x1024.jpg 1536w, https:\/\/switzerlandbylocals.com\/wp-content\/uploads\/2021\/03\/1Hoher-Kasten-_-Saemstisersee.jpg 1920w\" sizes=\"(max-width: 1024px) 100vw, 1024px\" \/><\/p><h2><strong>Giardino di Fiori Alpini<\/strong><\/h2><p>Ci sono diverse montagne nell&#8217;Alpstein che sono molto popolari tra i turisti. Soprattutto conosciamo il S\u00e4ntis e, dopo il reportage su National Geographic, l&#8217;<a href=\"https:\/\/www.myswitzerland.com\/it-ch\/scoprire-la-svizzera\/ebenalp\/\" target=\"_blank\" rel=\"noopener\">Ebenalp<\/a>, che poi porta all'&#8221;\u00c4scher Berghaus&#8221; in meno di 20 minuti. All&#8217;ombra di queste sorelle si trova la montagna &#8220;Hoher Kasten&#8221;.<\/p><p>Per attirare persone, tali aree agiscono spesso in modo creativo e innovativo. All'&#8221;Hoher Kasten&#8221;, ad esempio, c&#8217;\u00e8 un ristorante panoramico girevole da un lato e un sentiero naturalistico con giardino alpino con oltre 300 specie di piante diverse dall&#8217;altro.<\/p><p>Amiamo particolarmente il giardino dei fiori con le sue numerose tavole didattiche, dove bambini e adulti possono imparare giocando. Il complesso argomento dei fiori e la formazione dell&#8217;Alpstein vengono spiegati in modo semplice.<\/p><p><img decoding=\"async\" class=\"alignnone size-large wp-image-2115\" src=\"https:\/\/switzerlandbylocals.com\/wp-content\/uploads\/2021\/03\/2HoherKasten_Alpengarten-1024x683.jpg\" alt=\"\" width=\"1024\" height=\"683\" srcset=\"https:\/\/switzerlandbylocals.com\/wp-content\/uploads\/2021\/03\/2HoherKasten_Alpengarten-1024x683.jpg 1024w, https:\/\/switzerlandbylocals.com\/wp-content\/uploads\/2021\/03\/2HoherKasten_Alpengarten-300x200.jpg 300w, https:\/\/switzerlandbylocals.com\/wp-content\/uploads\/2021\/03\/2HoherKasten_Alpengarten-768x512.jpg 768w, https:\/\/switzerlandbylocals.com\/wp-content\/uploads\/2021\/03\/2HoherKasten_Alpengarten-1536x1024.jpg 1536w, https:\/\/switzerlandbylocals.com\/wp-content\/uploads\/2021\/03\/2HoherKasten_Alpengarten.jpg 1920w\" sizes=\"(max-width: 1024px) 100vw, 1024px\" \/><\/p><h2><strong>Discesa al lago S\u00e4mtisersee<\/strong><\/h2><p>Dopo la visita al giardino dei fiori, la discesa verso il S\u00e4mtisersee \u00e8 imminente. Prima si cammina verso il &#8220;Sattel&#8221; passando per innumerevoli fiori di montagna. Perfetto per mettere alla prova le piante che hai imparato. Quante riesci ancora a identificare? \ud83d\ude09<\/p><p>La salita \u00e8 molto pi\u00f9 impegnativa e faticosa. Tuttavia, questa discesa non \u00e8 consigliata per le persone con problemi alle ginocchia. Ma con questa vista unica, anche i pi\u00f9 sportivi si concedono una passeggiata pi\u00f9 leggera e scendono. La vista permanente sul S\u00e4mtisersee e sulle vette montane incanta tutti. Dopo il &#8220;Sattel&#8221;, si segue la vista fino al lago S\u00e4mtis. Per raggiungere il lago, si cammina in direzione Plattenboden, dove un piccolo ristorante ti attende per fare una pausa.<\/p><p><img decoding=\"async\" class=\"alignnone wp-image-2121 size-large\" src=\"https:\/\/switzerlandbylocals.com\/wp-content\/uploads\/2021\/03\/5Hoher-Kasten_-Wanderung-1024x683.jpg\" alt=\"La famosa escursione a Hoher Kasten a Br\u00fclisau.\" width=\"1024\" height=\"683\" srcset=\"https:\/\/switzerlandbylocals.com\/wp-content\/uploads\/2021\/03\/5Hoher-Kasten_-Wanderung-1024x683.jpg 1024w, https:\/\/switzerlandbylocals.com\/wp-content\/uploads\/2021\/03\/5Hoher-Kasten_-Wanderung-300x200.jpg 300w, https:\/\/switzerlandbylocals.com\/wp-content\/uploads\/2021\/03\/5Hoher-Kasten_-Wanderung-768x512.jpg 768w, https:\/\/switzerlandbylocals.com\/wp-content\/uploads\/2021\/03\/5Hoher-Kasten_-Wanderung-1536x1024.jpg 1536w, https:\/\/switzerlandbylocals.com\/wp-content\/uploads\/2021\/03\/5Hoher-Kasten_-Wanderung.jpg 1920w\" sizes=\"(max-width: 1024px) 100vw, 1024px\" \/> <img loading=\"lazy\" decoding=\"async\" class=\"alignnone size-large wp-image-2119\" src=\"https:\/\/switzerlandbylocals.com\/wp-content\/uploads\/2021\/03\/4HoherKasten_Aussicht-Rhein-1024x683.jpg\" alt=\"\" width=\"1024\" height=\"683\" srcset=\"https:\/\/switzerlandbylocals.com\/wp-content\/uploads\/2021\/03\/4HoherKasten_Aussicht-Rhein-1024x683.jpg 1024w, https:\/\/switzerlandbylocals.com\/wp-content\/uploads\/2021\/03\/4HoherKasten_Aussicht-Rhein-300x200.jpg 300w, https:\/\/switzerlandbylocals.com\/wp-content\/uploads\/2021\/03\/4HoherKasten_Aussicht-Rhein-768x512.jpg 768w, https:\/\/switzerlandbylocals.com\/wp-content\/uploads\/2021\/03\/4HoherKasten_Aussicht-Rhein-1536x1024.jpg 1536w, https:\/\/switzerlandbylocals.com\/wp-content\/uploads\/2021\/03\/4HoherKasten_Aussicht-Rhein.jpg 1920w\" sizes=\"(max-width: 1024px) 100vw, 1024px\" \/> <img loading=\"lazy\" decoding=\"async\" class=\"alignnone size-large wp-image-2117\" src=\"https:\/\/switzerlandbylocals.com\/wp-content\/uploads\/2021\/03\/3HoherKasten_Wanderung-1024x683.jpg\" alt=\"\" width=\"1024\" height=\"683\" srcset=\"https:\/\/switzerlandbylocals.com\/wp-content\/uploads\/2021\/03\/3HoherKasten_Wanderung-1024x683.jpg 1024w, https:\/\/switzerlandbylocals.com\/wp-content\/uploads\/2021\/03\/3HoherKasten_Wanderung-300x200.jpg 300w, https:\/\/switzerlandbylocals.com\/wp-content\/uploads\/2021\/03\/3HoherKasten_Wanderung-768x512.jpg 768w, https:\/\/switzerlandbylocals.com\/wp-content\/uploads\/2021\/03\/3HoherKasten_Wanderung-1536x1024.jpg 1536w, https:\/\/switzerlandbylocals.com\/wp-content\/uploads\/2021\/03\/3HoherKasten_Wanderung.jpg 1920w\" sizes=\"(max-width: 1024px) 100vw, 1024px\" \/><\/p><h3><strong>Geologia del Hoher Kasten<\/strong><\/h3><p>Una grande parte dell&#8217;area dell'&#8221;Alpstein&#8221; e quindi anche intorno all'&#8221;Hoher Kasten&#8221; \u00e8 composta da <a href=\"https:\/\/geology.com\/rocks\/limestone.shtml\" target=\"_blank\" rel=\"noopener\">calcare<\/a> (colore grigio-bianco), marna (miscela di argilla e calce) o arenaria (miscela di sabbia, argilla e calce come agenti leganti).<\/p><p>Il calcare in particolare \u00e8 spesso attaccato e dissolto\/eroso dalle precipitazioni (acido). Inoltre, i ghiacciai precedenti hanno contribuito anche al restringimento delle montagne dell&#8217;Alpstein attraverso l&#8217;erosione.<\/p><p>I detriti rimossi dal ghiacciaio sono stati quindi trasportati nella valle e formano il paesaggio collinare di Appenzell.<\/p><h2><strong>Tradizioni e formaggio nell&#8217;escursione a Hoher Kasten<\/strong><\/h2><p>La bellezza di questa regione \u00e8 che le tradizioni sono ancora vive. L&#8217;Alpaufzug (giugno\/luglio) e l&#8217;Alpabzug (agosto\/settembre) sono ancora celebrati. Durante questo periodo, il bestiame (principalmente capre e mucche) trascorre circa 12 settimane sull&#8217;alpe, dove pascolano i succulenti pascoli di montagna. Ecco perch\u00e9 si vedono cos\u00ec tante mucche. Si vedono anche caseifici alpini tutto il tempo, come questo.<\/p><p><img loading=\"lazy\" decoding=\"async\" class=\"alignnone wp-image-2123 size-large\" src=\"https:\/\/switzerlandbylocals.com\/wp-content\/uploads\/2021\/03\/6Hoher-Kasten-_-Kuehe-1024x683.jpg\" alt=\"Lago S\u00e4mtis.\" width=\"1024\" height=\"683\" srcset=\"https:\/\/switzerlandbylocals.com\/wp-content\/uploads\/2021\/03\/6Hoher-Kasten-_-Kuehe-1024x683.jpg 1024w, https:\/\/switzerlandbylocals.com\/wp-content\/uploads\/2021\/03\/6Hoher-Kasten-_-Kuehe-300x200.jpg 300w, https:\/\/switzerlandbylocals.com\/wp-content\/uploads\/2021\/03\/6Hoher-Kasten-_-Kuehe-768x512.jpg 768w, https:\/\/switzerlandbylocals.com\/wp-content\/uploads\/2021\/03\/6Hoher-Kasten-_-Kuehe-1536x1024.jpg 1536w, https:\/\/switzerlandbylocals.com\/wp-content\/uploads\/2021\/03\/6Hoher-Kasten-_-Kuehe.jpg 1920w\" sizes=\"(max-width: 1024px) 100vw, 1024px\" \/> <img loading=\"lazy\" decoding=\"async\" class=\"alignnone size-large wp-image-2125\" src=\"https:\/\/switzerlandbylocals.com\/wp-content\/uploads\/2021\/03\/7Hoher-Kasten_-Alpkaeserei-1024x683.jpg\" alt=\"\" width=\"1024\" height=\"683\" srcset=\"https:\/\/switzerlandbylocals.com\/wp-content\/uploads\/2021\/03\/7Hoher-Kasten_-Alpkaeserei-1024x683.jpg 1024w, https:\/\/switzerlandbylocals.com\/wp-content\/uploads\/2021\/03\/7Hoher-Kasten_-Alpkaeserei-300x200.jpg 300w, https:\/\/switzerlandbylocals.com\/wp-content\/uploads\/2021\/03\/7Hoher-Kasten_-Alpkaeserei-768x512.jpg 768w, https:\/\/switzerlandbylocals.com\/wp-content\/uploads\/2021\/03\/7Hoher-Kasten_-Alpkaeserei-1536x1024.jpg 1536w, https:\/\/switzerlandbylocals.com\/wp-content\/uploads\/2021\/03\/7Hoher-Kasten_-Alpkaeserei.jpg 1920w\" sizes=\"(max-width: 1024px) 100vw, 1024px\" \/><\/p><p>Quanti litri di latte pensi dia in media una mucca al giorno sull&#8217;alpe?<\/p><p>Non molto rispetto alla pianura. Sono solo da 15 a 25 litri al giorno, nella valle fino a 3 volte di pi\u00f9: pi\u00f9 attivit\u00e0 e semplice erba invece di mangimi concentrati fanno la differenza. Quindi il corpo ha bisogno di molta pi\u00f9 energia.<\/p><p>Dopo un buon pezzo di formaggio con pane nella baita alpina con una vista permanente verso l'&#8221;Hoher Kasten&#8221;, facciamo l&#8217;ultimo tratto verso la stazione a valle della funivia di montagna a Br\u00fclisau. C&#8217;\u00e8 una ripida discesa (non raccomandata sotto la pioggia) o un sentiero pi\u00f9 tranquillo, entrambi portano alla destinazione.<\/p><p><img loading=\"lazy\" decoding=\"async\" class=\"alignnone wp-image-2127 size-large\" src=\"https:\/\/switzerlandbylocals.com\/wp-content\/uploads\/2021\/03\/8Hoher-Kasten-_-Bruelisau-1024x683.jpg\" alt=\"Viste meravigliose sull'escursione a Hoher Kasten.\" width=\"1024\" height=\"683\" srcset=\"https:\/\/switzerlandbylocals.com\/wp-content\/uploads\/2021\/03\/8Hoher-Kasten-_-Bruelisau-1024x683.jpg 1024w, https:\/\/switzerlandbylocals.com\/wp-content\/uploads\/2021\/03\/8Hoher-Kasten-_-Bruelisau-300x200.jpg 300w, https:\/\/switzerlandbylocals.com\/wp-content\/uploads\/2021\/03\/8Hoher-Kasten-_-Bruelisau-768x512.jpg 768w, https:\/\/switzerlandbylocals.com\/wp-content\/uploads\/2021\/03\/8Hoher-Kasten-_-Bruelisau-1536x1024.jpg 1536w, https:\/\/switzerlandbylocals.com\/wp-content\/uploads\/2021\/03\/8Hoher-Kasten-_-Bruelisau.jpg 1920w\" sizes=\"(max-width: 1024px) 100vw, 1024px\" \/><\/p><p>Il &#8220;Hoher Kasten&#8221; \u00e8 una meravigliosa meta nell'&#8221;Alpstein&#8221;. Grazie al ristorante girevole, al giardino alpino e alla vista brillante sul S\u00e4mtisersee e sull&#8217;Ebenalp, il viaggio sulla montagna \u00e8 gi\u00e0 di per s\u00e9 valso la pena. Coloro che optano per un&#8217;escursione al &#8220;Hoher Kasten&#8221; saranno ricompensati con ancora pi\u00f9 natura e panorami montani. La regione \u00e8 molto vicina a <a href=\"https:\/\/switzerlandbylocals.com\/it\/st-gallen-i-migliori\/\" target=\"_blank\" rel=\"noopener\">St.Gallen<\/a>. Combinare l&#8217;Hoher Kasten o l&#8217;Alpstein con la citt\u00e0 svizzera vale molto la pena.<\/p>\t\t\t\t\t\t\t\t<\/div>\n\t\t\t\t<\/div>\n\t\t\t\t\t<\/div>\n\t\t<\/div>\n\t\t\t\t\t<\/div>\n\t\t<\/section>\n\t\t\t\t<\/div>\n\t\t","protected":false},"excerpt":{"rendered":"<p>Hoher Kasten: Hike with a far-reaching view in the &#8220;Alpstein&#8221; area An excursion to the &#8220;Hoher Kasten&#8221; including a hike [&hellip;]<\/p>\n","protected":false},"author":1,"featured_media":17877,"comment_status":"closed","ping_status":"closed","sticky":false,"template":"","format":"standard","meta":{"footnotes":""},"categories":[210,201,200,209,206,202],"tags":[],"class_list":["post-17868","post","type-post","status-publish","format-standard","has-post-thumbnail","hentry","category-destinazioni-popolari","category-escursioni","category-gite-giornaliere","category-montagne","category-trekking","category-viaggi-in-famiglia"],"yoast_head":"<!-- This site is optimized with the Yoast SEO plugin v27.5 - https:\/\/yoast.com\/product\/yoast-seo-wordpress\/ -->\n<title>Escursione sul Hoher Kasten con panorama di montagna - Switzerland by Locals<\/title>\n<meta name=\"description\" content=\"Esplora il Hoher Kasten e goditi una vista panoramica sulle maestose montagne circostanti durante un&#039;indimenticabile escursione.\" \/>\n<meta name=\"robots\" content=\"index, follow, max-snippet:-1, max-image-preview:large, max-video-preview:-1\" \/>\n<link rel=\"canonical\" href=\"https:\/\/switzerlandbylocals.com\/it\/escursione-sul-hoher-kasten\/\" \/>\n<meta property=\"og:locale\" content=\"it_IT\" \/>\n<meta property=\"og:type\" content=\"article\" \/>\n<meta property=\"og:title\" content=\"Escursione sul Hoher Kasten con panorama di montagna - Switzerland by Locals\" \/>\n<meta property=\"og:description\" content=\"Esplora il Hoher Kasten e goditi una vista panoramica sulle maestose montagne circostanti durante un&#039;indimenticabile escursione.\" \/>\n<meta property=\"og:url\" content=\"https:\/\/switzerlandbylocals.com\/it\/escursione-sul-hoher-kasten\/\" \/>\n<meta property=\"og:site_name\" content=\"Switzerland by Locals\" \/>\n<meta property=\"article:published_time\" content=\"2023-12-05T18:10:52+00:00\" \/>\n<meta property=\"article:modified_time\" content=\"2023-12-05T18:37:16+00:00\" \/>\n<meta property=\"og:image\" content=\"https:\/\/switzerlandbylocals.com\/wp-content\/uploads\/2021\/03\/Titelbild_HoherKasten.jpg\" \/>\n\t<meta property=\"og:image:width\" content=\"1920\" \/>\n\t<meta property=\"og:image:height\" content=\"1280\" \/>\n\t<meta property=\"og:image:type\" content=\"image\/jpeg\" \/>\n<meta name=\"author\" content=\"marc.gottw\" \/>\n<meta name=\"twitter:card\" content=\"summary_large_image\" \/>\n<meta name=\"twitter:label1\" content=\"Scritto da\" \/>\n\t<meta name=\"twitter:data1\" content=\"marc.gottw\" \/>\n\t<meta name=\"twitter:label2\" content=\"Tempo di lettura stimato\" \/>\n\t<meta name=\"twitter:data2\" content=\"6 minuti\" \/>\n<script type=\"application\/ld+json\" class=\"yoast-schema-graph\">{\"@context\":\"https:\\\/\\\/schema.org\",\"@graph\":[{\"@type\":\"Article\",\"@id\":\"https:\\\/\\\/switzerlandbylocals.com\\\/it\\\/escursione-sul-hoher-kasten\\\/#article\",\"isPartOf\":{\"@id\":\"https:\\\/\\\/switzerlandbylocals.com\\\/it\\\/escursione-sul-hoher-kasten\\\/\"},\"author\":{\"name\":\"marc.gottw\",\"@id\":\"https:\\\/\\\/switzerlandbylocals.com\\\/en\\\/#\\\/schema\\\/person\\\/b9faf460227b0d1bc55783dbe9b8f4e2\"},\"headline\":\"Escursione sul Hoher Kasten con panorama di montagna\",\"datePublished\":\"2023-12-05T18:10:52+00:00\",\"dateModified\":\"2023-12-05T18:37:16+00:00\",\"mainEntityOfPage\":{\"@id\":\"https:\\\/\\\/switzerlandbylocals.com\\\/it\\\/escursione-sul-hoher-kasten\\\/\"},\"wordCount\":873,\"publisher\":{\"@id\":\"https:\\\/\\\/switzerlandbylocals.com\\\/en\\\/#organization\"},\"image\":{\"@id\":\"https:\\\/\\\/switzerlandbylocals.com\\\/it\\\/escursione-sul-hoher-kasten\\\/#primaryimage\"},\"thumbnailUrl\":\"https:\\\/\\\/switzerlandbylocals.com\\\/wp-content\\\/uploads\\\/2021\\\/03\\\/Titelbild_HoherKasten.jpg\",\"articleSection\":[\"Destinazioni popolari\",\"escursioni\",\"Gite giornaliere\",\"montagne\",\"trekking\",\"Viaggi in famiglia\"],\"inLanguage\":\"it-IT\"},{\"@type\":\"WebPage\",\"@id\":\"https:\\\/\\\/switzerlandbylocals.com\\\/it\\\/escursione-sul-hoher-kasten\\\/\",\"url\":\"https:\\\/\\\/switzerlandbylocals.com\\\/it\\\/escursione-sul-hoher-kasten\\\/\",\"name\":\"Escursione sul Hoher Kasten con panorama di montagna - Switzerland by Locals\",\"isPartOf\":{\"@id\":\"https:\\\/\\\/switzerlandbylocals.com\\\/en\\\/#website\"},\"primaryImageOfPage\":{\"@id\":\"https:\\\/\\\/switzerlandbylocals.com\\\/it\\\/escursione-sul-hoher-kasten\\\/#primaryimage\"},\"image\":{\"@id\":\"https:\\\/\\\/switzerlandbylocals.com\\\/it\\\/escursione-sul-hoher-kasten\\\/#primaryimage\"},\"thumbnailUrl\":\"https:\\\/\\\/switzerlandbylocals.com\\\/wp-content\\\/uploads\\\/2021\\\/03\\\/Titelbild_HoherKasten.jpg\",\"datePublished\":\"2023-12-05T18:10:52+00:00\",\"dateModified\":\"2023-12-05T18:37:16+00:00\",\"description\":\"Esplora il Hoher Kasten e goditi una vista panoramica sulle maestose montagne circostanti durante un'indimenticabile escursione.\",\"breadcrumb\":{\"@id\":\"https:\\\/\\\/switzerlandbylocals.com\\\/it\\\/escursione-sul-hoher-kasten\\\/#breadcrumb\"},\"inLanguage\":\"it-IT\",\"potentialAction\":[{\"@type\":\"ReadAction\",\"target\":[\"https:\\\/\\\/switzerlandbylocals.com\\\/it\\\/escursione-sul-hoher-kasten\\\/\"]}]},{\"@type\":\"ImageObject\",\"inLanguage\":\"it-IT\",\"@id\":\"https:\\\/\\\/switzerlandbylocals.com\\\/it\\\/escursione-sul-hoher-kasten\\\/#primaryimage\",\"url\":\"https:\\\/\\\/switzerlandbylocals.com\\\/wp-content\\\/uploads\\\/2021\\\/03\\\/Titelbild_HoherKasten.jpg\",\"contentUrl\":\"https:\\\/\\\/switzerlandbylocals.com\\\/wp-content\\\/uploads\\\/2021\\\/03\\\/Titelbild_HoherKasten.jpg\",\"width\":1920,\"height\":1280},{\"@type\":\"BreadcrumbList\",\"@id\":\"https:\\\/\\\/switzerlandbylocals.com\\\/it\\\/escursione-sul-hoher-kasten\\\/#breadcrumb\",\"itemListElement\":[{\"@type\":\"ListItem\",\"position\":1,\"name\":\"Startseite\",\"item\":\"https:\\\/\\\/switzerlandbylocals.com\\\/it\\\/\"},{\"@type\":\"ListItem\",\"position\":2,\"name\":\"Escursione sul Hoher Kasten con panorama di montagna\"}]},{\"@type\":\"WebSite\",\"@id\":\"https:\\\/\\\/switzerlandbylocals.com\\\/en\\\/#website\",\"url\":\"https:\\\/\\\/switzerlandbylocals.com\\\/en\\\/\",\"name\":\"Switzerland by Locals\",\"description\":\"\",\"publisher\":{\"@id\":\"https:\\\/\\\/switzerlandbylocals.com\\\/en\\\/#organization\"},\"potentialAction\":[{\"@type\":\"SearchAction\",\"target\":{\"@type\":\"EntryPoint\",\"urlTemplate\":\"https:\\\/\\\/switzerlandbylocals.com\\\/en\\\/?s={search_term_string}\"},\"query-input\":{\"@type\":\"PropertyValueSpecification\",\"valueRequired\":true,\"valueName\":\"search_term_string\"}}],\"inLanguage\":\"it-IT\"},{\"@type\":\"Organization\",\"@id\":\"https:\\\/\\\/switzerlandbylocals.com\\\/en\\\/#organization\",\"name\":\"Switzerland by Locals\",\"url\":\"https:\\\/\\\/switzerlandbylocals.com\\\/en\\\/\",\"logo\":{\"@type\":\"ImageObject\",\"inLanguage\":\"it-IT\",\"@id\":\"https:\\\/\\\/switzerlandbylocals.com\\\/en\\\/#\\\/schema\\\/logo\\\/image\\\/\",\"url\":\"https:\\\/\\\/switzerlandbylocals.com\\\/wp-content\\\/uploads\\\/2021\\\/02\\\/Logo-V1.png\",\"contentUrl\":\"https:\\\/\\\/switzerlandbylocals.com\\\/wp-content\\\/uploads\\\/2021\\\/02\\\/Logo-V1.png\",\"width\":2551,\"height\":667,\"caption\":\"Switzerland by Locals\"},\"image\":{\"@id\":\"https:\\\/\\\/switzerlandbylocals.com\\\/en\\\/#\\\/schema\\\/logo\\\/image\\\/\"}},{\"@type\":\"Person\",\"@id\":\"https:\\\/\\\/switzerlandbylocals.com\\\/en\\\/#\\\/schema\\\/person\\\/b9faf460227b0d1bc55783dbe9b8f4e2\",\"name\":\"marc.gottw\",\"image\":{\"@type\":\"ImageObject\",\"inLanguage\":\"it-IT\",\"@id\":\"https:\\\/\\\/secure.gravatar.com\\\/avatar\\\/a010e12fdaac30d8115e19dbfd8f2f11effce8fce40a6046b2652155e2590b41?s=96&d=mm&r=g\",\"url\":\"https:\\\/\\\/secure.gravatar.com\\\/avatar\\\/a010e12fdaac30d8115e19dbfd8f2f11effce8fce40a6046b2652155e2590b41?s=96&d=mm&r=g\",\"contentUrl\":\"https:\\\/\\\/secure.gravatar.com\\\/avatar\\\/a010e12fdaac30d8115e19dbfd8f2f11effce8fce40a6046b2652155e2590b41?s=96&d=mm&r=g\",\"caption\":\"marc.gottw\"},\"url\":\"https:\\\/\\\/switzerlandbylocals.com\\\/it\\\/author\\\/marc-gottw\\\/\"}]}<\/script>\n<!-- \/ Yoast SEO plugin. -->","yoast_head_json":{"title":"Escursione sul Hoher Kasten con panorama di montagna - Switzerland by Locals","description":"Esplora il Hoher Kasten e goditi una vista panoramica sulle maestose montagne circostanti durante un'indimenticabile escursione.","robots":{"index":"index","follow":"follow","max-snippet":"max-snippet:-1","max-image-preview":"max-image-preview:large","max-video-preview":"max-video-preview:-1"},"canonical":"https:\/\/switzerlandbylocals.com\/it\/escursione-sul-hoher-kasten\/","og_locale":"it_IT","og_type":"article","og_title":"Escursione sul Hoher Kasten con panorama di montagna - Switzerland by Locals","og_description":"Esplora il Hoher Kasten e goditi una vista panoramica sulle maestose montagne circostanti durante un'indimenticabile escursione.","og_url":"https:\/\/switzerlandbylocals.com\/it\/escursione-sul-hoher-kasten\/","og_site_name":"Switzerland by Locals","article_published_time":"2023-12-05T18:10:52+00:00","article_modified_time":"2023-12-05T18:37:16+00:00","og_image":[{"width":1920,"height":1280,"url":"https:\/\/switzerlandbylocals.com\/wp-content\/uploads\/2021\/03\/Titelbild_HoherKasten.jpg","type":"image\/jpeg"}],"author":"marc.gottw","twitter_card":"summary_large_image","twitter_misc":{"Scritto da":"marc.gottw","Tempo di lettura stimato":"6 minuti"},"schema":{"@context":"https:\/\/schema.org","@graph":[{"@type":"Article","@id":"https:\/\/switzerlandbylocals.com\/it\/escursione-sul-hoher-kasten\/#article","isPartOf":{"@id":"https:\/\/switzerlandbylocals.com\/it\/escursione-sul-hoher-kasten\/"},"author":{"name":"marc.gottw","@id":"https:\/\/switzerlandbylocals.com\/en\/#\/schema\/person\/b9faf460227b0d1bc55783dbe9b8f4e2"},"headline":"Escursione sul Hoher Kasten con panorama di montagna","datePublished":"2023-12-05T18:10:52+00:00","dateModified":"2023-12-05T18:37:16+00:00","mainEntityOfPage":{"@id":"https:\/\/switzerlandbylocals.com\/it\/escursione-sul-hoher-kasten\/"},"wordCount":873,"publisher":{"@id":"https:\/\/switzerlandbylocals.com\/en\/#organization"},"image":{"@id":"https:\/\/switzerlandbylocals.com\/it\/escursione-sul-hoher-kasten\/#primaryimage"},"thumbnailUrl":"https:\/\/switzerlandbylocals.com\/wp-content\/uploads\/2021\/03\/Titelbild_HoherKasten.jpg","articleSection":["Destinazioni popolari","escursioni","Gite giornaliere","montagne","trekking","Viaggi in famiglia"],"inLanguage":"it-IT"},{"@type":"WebPage","@id":"https:\/\/switzerlandbylocals.com\/it\/escursione-sul-hoher-kasten\/","url":"https:\/\/switzerlandbylocals.com\/it\/escursione-sul-hoher-kasten\/","name":"Escursione sul Hoher Kasten con panorama di montagna - Switzerland by Locals","isPartOf":{"@id":"https:\/\/switzerlandbylocals.com\/en\/#website"},"primaryImageOfPage":{"@id":"https:\/\/switzerlandbylocals.com\/it\/escursione-sul-hoher-kasten\/#primaryimage"},"image":{"@id":"https:\/\/switzerlandbylocals.com\/it\/escursione-sul-hoher-kasten\/#primaryimage"},"thumbnailUrl":"https:\/\/switzerlandbylocals.com\/wp-content\/uploads\/2021\/03\/Titelbild_HoherKasten.jpg","datePublished":"2023-12-05T18:10:52+00:00","dateModified":"2023-12-05T18:37:16+00:00","description":"Esplora il Hoher Kasten e goditi una vista panoramica sulle maestose montagne circostanti durante un'indimenticabile escursione.","breadcrumb":{"@id":"https:\/\/switzerlandbylocals.com\/it\/escursione-sul-hoher-kasten\/#breadcrumb"},"inLanguage":"it-IT","potentialAction":[{"@type":"ReadAction","target":["https:\/\/switzerlandbylocals.com\/it\/escursione-sul-hoher-kasten\/"]}]},{"@type":"ImageObject","inLanguage":"it-IT","@id":"https:\/\/switzerlandbylocals.com\/it\/escursione-sul-hoher-kasten\/#primaryimage","url":"https:\/\/switzerlandbylocals.com\/wp-content\/uploads\/2021\/03\/Titelbild_HoherKasten.jpg","contentUrl":"https:\/\/switzerlandbylocals.com\/wp-content\/uploads\/2021\/03\/Titelbild_HoherKasten.jpg","width":1920,"height":1280},{"@type":"BreadcrumbList","@id":"https:\/\/switzerlandbylocals.com\/it\/escursione-sul-hoher-kasten\/#breadcrumb","itemListElement":[{"@type":"ListItem","position":1,"name":"Startseite","item":"https:\/\/switzerlandbylocals.com\/it\/"},{"@type":"ListItem","position":2,"name":"Escursione sul Hoher Kasten con panorama di montagna"}]},{"@type":"WebSite","@id":"https:\/\/switzerlandbylocals.com\/en\/#website","url":"https:\/\/switzerlandbylocals.com\/en\/","name":"Switzerland by Locals","description":"","publisher":{"@id":"https:\/\/switzerlandbylocals.com\/en\/#organization"},"potentialAction":[{"@type":"SearchAction","target":{"@type":"EntryPoint","urlTemplate":"https:\/\/switzerlandbylocals.com\/en\/?s={search_term_string}"},"query-input":{"@type":"PropertyValueSpecification","valueRequired":true,"valueName":"search_term_string"}}],"inLanguage":"it-IT"},{"@type":"Organization","@id":"https:\/\/switzerlandbylocals.com\/en\/#organization","name":"Switzerland by Locals","url":"https:\/\/switzerlandbylocals.com\/en\/","logo":{"@type":"ImageObject","inLanguage":"it-IT","@id":"https:\/\/switzerlandbylocals.com\/en\/#\/schema\/logo\/image\/","url":"https:\/\/switzerlandbylocals.com\/wp-content\/uploads\/2021\/02\/Logo-V1.png","contentUrl":"https:\/\/switzerlandbylocals.com\/wp-content\/uploads\/2021\/02\/Logo-V1.png","width":2551,"height":667,"caption":"Switzerland by Locals"},"image":{"@id":"https:\/\/switzerlandbylocals.com\/en\/#\/schema\/logo\/image\/"}},{"@type":"Person","@id":"https:\/\/switzerlandbylocals.com\/en\/#\/schema\/person\/b9faf460227b0d1bc55783dbe9b8f4e2","name":"marc.gottw","image":{"@type":"ImageObject","inLanguage":"it-IT","@id":"https:\/\/secure.gravatar.com\/avatar\/a010e12fdaac30d8115e19dbfd8f2f11effce8fce40a6046b2652155e2590b41?s=96&d=mm&r=g","url":"https:\/\/secure.gravatar.com\/avatar\/a010e12fdaac30d8115e19dbfd8f2f11effce8fce40a6046b2652155e2590b41?s=96&d=mm&r=g","contentUrl":"https:\/\/secure.gravatar.com\/avatar\/a010e12fdaac30d8115e19dbfd8f2f11effce8fce40a6046b2652155e2590b41?s=96&d=mm&r=g","caption":"marc.gottw"},"url":"https:\/\/switzerlandbylocals.com\/it\/author\/marc-gottw\/"}]}},"_links":{"self":[{"href":"https:\/\/switzerlandbylocals.com\/it\/wp-json\/wp\/v2\/posts\/17868","targetHints":{"allow":["GET"]}}],"collection":[{"href":"https:\/\/switzerlandbylocals.com\/it\/wp-json\/wp\/v2\/posts"}],"about":[{"href":"https:\/\/switzerlandbylocals.com\/it\/wp-json\/wp\/v2\/types\/post"}],"author":[{"embeddable":true,"href":"https:\/\/switzerlandbylocals.com\/it\/wp-json\/wp\/v2\/users\/1"}],"replies":[{"embeddable":true,"href":"https:\/\/switzerlandbylocals.com\/it\/wp-json\/wp\/v2\/comments?post=17868"}],"version-history":[{"count":9,"href":"https:\/\/switzerlandbylocals.com\/it\/wp-json\/wp\/v2\/posts\/17868\/revisions"}],"predecessor-version":[{"id":18000,"href":"https:\/\/switzerlandbylocals.com\/it\/wp-json\/wp\/v2\/posts\/17868\/revisions\/18000"}],"wp:featuredmedia":[{"embeddable":true,"href":"https:\/\/switzerlandbylocals.com\/it\/wp-json\/wp\/v2\/media\/17877"}],"wp:attachment":[{"href":"https:\/\/switzerlandbylocals.com\/it\/wp-json\/wp\/v2\/media?parent=17868"}],"wp:term":[{"taxonomy":"category","embeddable":true,"href":"https:\/\/switzerlandbylocals.com\/it\/wp-json\/wp\/v2\/categories?post=17868"},{"taxonomy":"post_tag","embeddable":true,"href":"https:\/\/switzerlandbylocals.com\/it\/wp-json\/wp\/v2\/tags?post=17868"}],"curies":[{"name":"wp","href":"https:\/\/api.w.org\/{rel}","templated":true}]}}