{"id":18221,"date":"2023-12-06T13:18:26","date_gmt":"2023-12-06T13:18:26","guid":{"rendered":"https:\/\/switzerlandbylocals.com\/?p=18221"},"modified":"2023-12-06T13:21:25","modified_gmt":"2023-12-06T13:21:25","slug":"i-colori-della-svizzera-2","status":"publish","type":"post","link":"https:\/\/switzerlandbylocals.com\/it\/i-colori-della-svizzera-2\/","title":{"rendered":"I colori della Svizzera"},"content":{"rendered":"\t\t<div data-elementor-type=\"wp-post\" data-elementor-id=\"18221\" class=\"elementor elementor-18221\" data-elementor-post-type=\"post\">\n\t\t\t\t\t\t<section class=\"elementor-section elementor-top-section elementor-element elementor-element-9093e2d elementor-section-boxed elementor-section-height-default elementor-section-height-default\" data-id=\"9093e2d\" data-element_type=\"section\" data-e-type=\"section\">\n\t\t\t\t\t\t<div class=\"elementor-container elementor-column-gap-default\">\n\t\t\t\t\t<div class=\"elementor-column elementor-col-100 elementor-top-column elementor-element elementor-element-211cdb3\" data-id=\"211cdb3\" data-element_type=\"column\" data-e-type=\"column\">\n\t\t\t<div class=\"elementor-widget-wrap elementor-element-populated\">\n\t\t\t\t\t\t<div class=\"elementor-element elementor-element-109afea0 elementor-widget elementor-widget-text-editor\" data-id=\"109afea0\" data-element_type=\"widget\" data-e-type=\"widget\" data-widget_type=\"text-editor.default\">\n\t\t\t\t<div class=\"elementor-widget-container\">\n\t\t\t\t\t\t\t\t\tAn impressive picture book journey through the different seasons in Switzerland\t\t\t\t\t\t\t\t<\/div>\n\t\t\t\t<\/div>\n\t\t\t\t<div class=\"elementor-element elementor-element-a1c1982 elementor-widget elementor-widget-text-editor\" data-id=\"a1c1982\" data-element_type=\"widget\" data-e-type=\"widget\" data-widget_type=\"text-editor.default\">\n\t\t\t\t<div class=\"elementor-widget-container\">\n\t\t\t\t\t\t\t\t\t<p>La Svizzera \u00e8 un paese dai colori infiniti. A seconda della stagione, un luogo pu\u00f2 apparire cos\u00ec diverso. Ed \u00e8 proprio questo che rende la nostra bellissima Svizzera cos\u00ec emozionante e diversificata. Negli ultimi anni sono stato molto impegnato in viaggio, tra le altre cose, per sviluppare l&#8217;attivit\u00e0 di Myswisspanorama https:\/\/myswisspanorama.com\/ e mostrare alle persone i luoghi pi\u00f9 belli della Svizzera, fornendo anche molte informazioni di base. Offriamo un&#8217;esperienza che non si trova da nessun&#8217;altra parte.<br \/>Secondo i numerosi feedback dei nostri clienti, questo \u00e8 stato pi\u00f9 che un successo. Naturalmente, la Svizzera pu\u00f2 essere scoperta anche da soli, l&#8217;importante \u00e8 scoprirla e imparare ad apprezzarla. In una serie di immagini vorrei mostrarti alcuni dei miei momenti pi\u00f9 belli in Svizzera. Ricorda che una foto dice pi\u00f9 di 1000 parole, ma vivere tutte le emozioni e i momenti sul posto \u00e8 ancora pi\u00f9 impressionante e non pu\u00f2 mai essere catturato in una foto.<br \/>Se desideri grande ispirazione, ti consiglio il nostro e-book gratuito. Troverai, tra le altre cose, molti consigli interni sulla Svizzera o luoghi turistici.<br \/>E ora ti porto in un viaggio attraverso la <a href=\"https:\/\/switzerlandbylocals.com\/it\/guida-alla-svizzera\/\">Svizzera<\/a>.<\/p>\t\t\t\t\t\t\t\t<\/div>\n\t\t\t\t<\/div>\n\t\t\t\t<div class=\"elementor-element elementor-element-74a37c7 elementor-widget-divider--view-line elementor-widget elementor-widget-divider\" data-id=\"74a37c7\" data-element_type=\"widget\" data-e-type=\"widget\" data-widget_type=\"divider.default\">\n\t\t\t\t<div class=\"elementor-widget-container\">\n\t\t\t\t\t\t\t<div class=\"elementor-divider\">\n\t\t\t<span class=\"elementor-divider-separator\">\n\t\t\t\t\t\t<\/span>\n\t\t<\/div>\n\t\t\t\t\t\t<\/div>\n\t\t\t\t<\/div>\n\t\t\t\t<div class=\"elementor-element elementor-element-02d8c1f elementor-widget elementor-widget-heading\" data-id=\"02d8c1f\" data-element_type=\"widget\" data-e-type=\"widget\" data-widget_type=\"heading.default\">\n\t\t\t\t<div class=\"elementor-widget-container\">\n\t\t\t\t\t<h2 class=\"elementor-heading-title elementor-size-default\">Spring Landscapes in Switzerland<\/h2>\t\t\t\t<\/div>\n\t\t\t\t<\/div>\n\t\t\t\t<div class=\"elementor-element elementor-element-93d7620 elementor-widget elementor-widget-image-gallery\" data-id=\"93d7620\" data-element_type=\"widget\" data-e-type=\"widget\" data-widget_type=\"image-gallery.default\">\n\t\t\t\t<div class=\"elementor-widget-container\">\n\t\t\t\t\t\t\t<div class=\"elementor-image-gallery\">\n\t\t\t\t\t<\/div>\n\t\t\t\t\t\t<\/div>\n\t\t\t\t<\/div>\n\t\t\t\t\t<\/div>\n\t\t<\/div>\n\t\t\t\t\t<\/div>\n\t\t<\/section>\n\t\t\t\t<section class=\"elementor-section elementor-top-section elementor-element elementor-element-7d84f82 elementor-section-boxed elementor-section-height-default elementor-section-height-default\" data-id=\"7d84f82\" data-element_type=\"section\" data-e-type=\"section\">\n\t\t\t\t\t\t<div class=\"elementor-container elementor-column-gap-default\">\n\t\t\t\t\t<div class=\"elementor-column elementor-col-100 elementor-top-column elementor-element elementor-element-5cb2ce5\" data-id=\"5cb2ce5\" data-element_type=\"column\" data-e-type=\"column\">\n\t\t\t<div class=\"elementor-widget-wrap elementor-element-populated\">\n\t\t\t\t\t\t<div class=\"elementor-element elementor-element-ae62e72 elementor-widget-divider--view-line elementor-widget elementor-widget-divider\" data-id=\"ae62e72\" data-element_type=\"widget\" data-e-type=\"widget\" data-widget_type=\"divider.default\">\n\t\t\t\t<div class=\"elementor-widget-container\">\n\t\t\t\t\t\t\t<div class=\"elementor-divider\">\n\t\t\t<span class=\"elementor-divider-separator\">\n\t\t\t\t\t\t<\/span>\n\t\t<\/div>\n\t\t\t\t\t\t<\/div>\n\t\t\t\t<\/div>\n\t\t\t\t<div class=\"elementor-element elementor-element-43c2070 elementor-widget elementor-widget-heading\" data-id=\"43c2070\" data-element_type=\"widget\" data-e-type=\"widget\" data-widget_type=\"heading.default\">\n\t\t\t\t<div class=\"elementor-widget-container\">\n\t\t\t\t\t<h2 class=\"elementor-heading-title elementor-size-default\">Summer Landscapes in Switzerland<\/h2>\t\t\t\t<\/div>\n\t\t\t\t<\/div>\n\t\t\t\t<div class=\"elementor-element elementor-element-7df8ab2 elementor-widget elementor-widget-image-gallery\" data-id=\"7df8ab2\" data-element_type=\"widget\" data-e-type=\"widget\" data-widget_type=\"image-gallery.default\">\n\t\t\t\t<div class=\"elementor-widget-container\">\n\t\t\t\t\t\t\t<div class=\"elementor-image-gallery\">\n\t\t\t\t\t<\/div>\n\t\t\t\t\t\t<\/div>\n\t\t\t\t<\/div>\n\t\t\t\t\t<\/div>\n\t\t<\/div>\n\t\t\t\t\t<\/div>\n\t\t<\/section>\n\t\t\t\t<section class=\"elementor-section elementor-top-section elementor-element elementor-element-5d70414 elementor-section-boxed elementor-section-height-default elementor-section-height-default\" data-id=\"5d70414\" data-element_type=\"section\" data-e-type=\"section\">\n\t\t\t\t\t\t<div class=\"elementor-container elementor-column-gap-default\">\n\t\t\t\t\t<div class=\"elementor-column elementor-col-100 elementor-top-column elementor-element elementor-element-de62f29\" data-id=\"de62f29\" data-element_type=\"column\" data-e-type=\"column\">\n\t\t\t<div class=\"elementor-widget-wrap elementor-element-populated\">\n\t\t\t\t\t\t<div class=\"elementor-element elementor-element-9d83bc3 elementor-widget-divider--view-line elementor-widget elementor-widget-divider\" data-id=\"9d83bc3\" data-element_type=\"widget\" data-e-type=\"widget\" data-widget_type=\"divider.default\">\n\t\t\t\t<div class=\"elementor-widget-container\">\n\t\t\t\t\t\t\t<div class=\"elementor-divider\">\n\t\t\t<span class=\"elementor-divider-separator\">\n\t\t\t\t\t\t<\/span>\n\t\t<\/div>\n\t\t\t\t\t\t<\/div>\n\t\t\t\t<\/div>\n\t\t\t\t<div class=\"elementor-element elementor-element-9a1cbdb elementor-widget elementor-widget-heading\" data-id=\"9a1cbdb\" data-element_type=\"widget\" data-e-type=\"widget\" data-widget_type=\"heading.default\">\n\t\t\t\t<div class=\"elementor-widget-container\">\n\t\t\t\t\t<h2 class=\"elementor-heading-title elementor-size-default\">Autumn Landscapes in Switzerland<\/h2>\t\t\t\t<\/div>\n\t\t\t\t<\/div>\n\t\t\t\t<div class=\"elementor-element elementor-element-5d6550b elementor-widget elementor-widget-image-gallery\" data-id=\"5d6550b\" data-element_type=\"widget\" data-e-type=\"widget\" data-widget_type=\"image-gallery.default\">\n\t\t\t\t<div class=\"elementor-widget-container\">\n\t\t\t\t\t\t\t<div class=\"elementor-image-gallery\">\n\t\t\t\t\t<\/div>\n\t\t\t\t\t\t<\/div>\n\t\t\t\t<\/div>\n\t\t\t\t\t<\/div>\n\t\t<\/div>\n\t\t\t\t\t<\/div>\n\t\t<\/section>\n\t\t\t\t<section class=\"elementor-section elementor-top-section elementor-element elementor-element-5f2f5f1 elementor-section-boxed elementor-section-height-default elementor-section-height-default\" data-id=\"5f2f5f1\" data-element_type=\"section\" data-e-type=\"section\">\n\t\t\t\t\t\t<div class=\"elementor-container elementor-column-gap-default\">\n\t\t\t\t\t<div class=\"elementor-column elementor-col-100 elementor-top-column elementor-element elementor-element-f38729f\" data-id=\"f38729f\" data-element_type=\"column\" data-e-type=\"column\">\n\t\t\t<div class=\"elementor-widget-wrap elementor-element-populated\">\n\t\t\t\t\t\t<div class=\"elementor-element elementor-element-36270d3 elementor-widget-divider--view-line elementor-widget elementor-widget-divider\" data-id=\"36270d3\" data-element_type=\"widget\" data-e-type=\"widget\" data-widget_type=\"divider.default\">\n\t\t\t\t<div class=\"elementor-widget-container\">\n\t\t\t\t\t\t\t<div class=\"elementor-divider\">\n\t\t\t<span class=\"elementor-divider-separator\">\n\t\t\t\t\t\t<\/span>\n\t\t<\/div>\n\t\t\t\t\t\t<\/div>\n\t\t\t\t<\/div>\n\t\t\t\t<div class=\"elementor-element elementor-element-f8de5c7 elementor-widget elementor-widget-heading\" data-id=\"f8de5c7\" data-element_type=\"widget\" data-e-type=\"widget\" data-widget_type=\"heading.default\">\n\t\t\t\t<div class=\"elementor-widget-container\">\n\t\t\t\t\t<h2 class=\"elementor-heading-title elementor-size-default\">Winter Landscapes in Switzerland<\/h2>\t\t\t\t<\/div>\n\t\t\t\t<\/div>\n\t\t\t\t<div class=\"elementor-element elementor-element-4b7fc90 elementor-widget elementor-widget-image-gallery\" data-id=\"4b7fc90\" data-element_type=\"widget\" data-e-type=\"widget\" data-widget_type=\"image-gallery.default\">\n\t\t\t\t<div class=\"elementor-widget-container\">\n\t\t\t\t\t\t\t<div class=\"elementor-image-gallery\">\n\t\t\t\t\t<\/div>\n\t\t\t\t\t\t<\/div>\n\t\t\t\t<\/div>\n\t\t\t\t\t<\/div>\n\t\t<\/div>\n\t\t\t\t\t<\/div>\n\t\t<\/section>\n\t\t\t\t<\/div>\n\t\t","protected":false},"excerpt":{"rendered":"<p>An impressive picture book journey through the different seasons in Switzerland.<\/p>\n","protected":false},"author":1,"featured_media":14585,"comment_status":"closed","ping_status":"closed","sticky":false,"template":"","format":"standard","meta":{"footnotes":""},"categories":[209],"tags":[],"class_list":["post-18221","post","type-post","status-publish","format-standard","has-post-thumbnail","hentry","category-montagne"],"yoast_head":"<!-- This site is optimized with the Yoast SEO plugin v27.5 - https:\/\/yoast.com\/product\/yoast-seo-wordpress\/ -->\n<title>I colori della Svizzera - Switzerland by Locals<\/title>\n<meta name=\"description\" content=\"Scopri la bellezza dei colori della Svizzera e lasciati incantare dalla sua natura mozzafiato.\" \/>\n<meta name=\"robots\" content=\"index, follow, max-snippet:-1, max-image-preview:large, max-video-preview:-1\" \/>\n<link rel=\"canonical\" href=\"https:\/\/switzerlandbylocals.com\/it\/i-colori-della-svizzera-2\/\" \/>\n<meta property=\"og:locale\" content=\"it_IT\" \/>\n<meta property=\"og:type\" content=\"article\" \/>\n<meta property=\"og:title\" content=\"I colori della Svizzera - Switzerland by Locals\" \/>\n<meta property=\"og:description\" content=\"Scopri la bellezza dei colori della Svizzera e lasciati incantare dalla sua natura mozzafiato.\" \/>\n<meta property=\"og:url\" content=\"https:\/\/switzerlandbylocals.com\/it\/i-colori-della-svizzera-2\/\" \/>\n<meta property=\"og:site_name\" content=\"Switzerland by Locals\" \/>\n<meta property=\"article:published_time\" content=\"2023-12-06T13:18:26+00:00\" \/>\n<meta property=\"article:modified_time\" content=\"2023-12-06T13:21:25+00:00\" \/>\n<meta property=\"og:image\" content=\"https:\/\/switzerlandbylocals.com\/wp-content\/uploads\/2021\/02\/1.jpg\" \/>\n\t<meta property=\"og:image:width\" content=\"1920\" \/>\n\t<meta property=\"og:image:height\" content=\"1280\" \/>\n\t<meta property=\"og:image:type\" content=\"image\/jpeg\" \/>\n<meta name=\"author\" content=\"marc.gottw\" \/>\n<meta name=\"twitter:card\" content=\"summary_large_image\" \/>\n<meta name=\"twitter:label1\" content=\"Scritto da\" \/>\n\t<meta name=\"twitter:data1\" content=\"marc.gottw\" \/>\n\t<meta name=\"twitter:label2\" content=\"Tempo di lettura stimato\" \/>\n\t<meta name=\"twitter:data2\" content=\"6 minuti\" \/>\n<script type=\"application\/ld+json\" class=\"yoast-schema-graph\">{\"@context\":\"https:\\\/\\\/schema.org\",\"@graph\":[{\"@type\":\"Article\",\"@id\":\"https:\\\/\\\/switzerlandbylocals.com\\\/it\\\/i-colori-della-svizzera-2\\\/#article\",\"isPartOf\":{\"@id\":\"https:\\\/\\\/switzerlandbylocals.com\\\/it\\\/i-colori-della-svizzera-2\\\/\"},\"author\":{\"name\":\"marc.gottw\",\"@id\":\"https:\\\/\\\/switzerlandbylocals.com\\\/en\\\/#\\\/schema\\\/person\\\/b9faf460227b0d1bc55783dbe9b8f4e2\"},\"headline\":\"I colori della Svizzera\",\"datePublished\":\"2023-12-06T13:18:26+00:00\",\"dateModified\":\"2023-12-06T13:21:25+00:00\",\"mainEntityOfPage\":{\"@id\":\"https:\\\/\\\/switzerlandbylocals.com\\\/it\\\/i-colori-della-svizzera-2\\\/\"},\"wordCount\":253,\"publisher\":{\"@id\":\"https:\\\/\\\/switzerlandbylocals.com\\\/en\\\/#organization\"},\"image\":{\"@id\":\"https:\\\/\\\/switzerlandbylocals.com\\\/it\\\/i-colori-della-svizzera-2\\\/#primaryimage\"},\"thumbnailUrl\":\"https:\\\/\\\/switzerlandbylocals.com\\\/wp-content\\\/uploads\\\/2021\\\/02\\\/1.jpg\",\"articleSection\":[\"montagne\"],\"inLanguage\":\"it-IT\"},{\"@type\":\"WebPage\",\"@id\":\"https:\\\/\\\/switzerlandbylocals.com\\\/it\\\/i-colori-della-svizzera-2\\\/\",\"url\":\"https:\\\/\\\/switzerlandbylocals.com\\\/it\\\/i-colori-della-svizzera-2\\\/\",\"name\":\"I colori della Svizzera - Switzerland by Locals\",\"isPartOf\":{\"@id\":\"https:\\\/\\\/switzerlandbylocals.com\\\/en\\\/#website\"},\"primaryImageOfPage\":{\"@id\":\"https:\\\/\\\/switzerlandbylocals.com\\\/it\\\/i-colori-della-svizzera-2\\\/#primaryimage\"},\"image\":{\"@id\":\"https:\\\/\\\/switzerlandbylocals.com\\\/it\\\/i-colori-della-svizzera-2\\\/#primaryimage\"},\"thumbnailUrl\":\"https:\\\/\\\/switzerlandbylocals.com\\\/wp-content\\\/uploads\\\/2021\\\/02\\\/1.jpg\",\"datePublished\":\"2023-12-06T13:18:26+00:00\",\"dateModified\":\"2023-12-06T13:21:25+00:00\",\"description\":\"Scopri la bellezza dei colori della Svizzera e lasciati incantare dalla sua natura mozzafiato.\",\"breadcrumb\":{\"@id\":\"https:\\\/\\\/switzerlandbylocals.com\\\/it\\\/i-colori-della-svizzera-2\\\/#breadcrumb\"},\"inLanguage\":\"it-IT\",\"potentialAction\":[{\"@type\":\"ReadAction\",\"target\":[\"https:\\\/\\\/switzerlandbylocals.com\\\/it\\\/i-colori-della-svizzera-2\\\/\"]}]},{\"@type\":\"ImageObject\",\"inLanguage\":\"it-IT\",\"@id\":\"https:\\\/\\\/switzerlandbylocals.com\\\/it\\\/i-colori-della-svizzera-2\\\/#primaryimage\",\"url\":\"https:\\\/\\\/switzerlandbylocals.com\\\/wp-content\\\/uploads\\\/2021\\\/02\\\/1.jpg\",\"contentUrl\":\"https:\\\/\\\/switzerlandbylocals.com\\\/wp-content\\\/uploads\\\/2021\\\/02\\\/1.jpg\",\"width\":1920,\"height\":1280},{\"@type\":\"BreadcrumbList\",\"@id\":\"https:\\\/\\\/switzerlandbylocals.com\\\/it\\\/i-colori-della-svizzera-2\\\/#breadcrumb\",\"itemListElement\":[{\"@type\":\"ListItem\",\"position\":1,\"name\":\"Startseite\",\"item\":\"https:\\\/\\\/switzerlandbylocals.com\\\/it\\\/\"},{\"@type\":\"ListItem\",\"position\":2,\"name\":\"I colori della Svizzera\"}]},{\"@type\":\"WebSite\",\"@id\":\"https:\\\/\\\/switzerlandbylocals.com\\\/en\\\/#website\",\"url\":\"https:\\\/\\\/switzerlandbylocals.com\\\/en\\\/\",\"name\":\"Switzerland by Locals\",\"description\":\"\",\"publisher\":{\"@id\":\"https:\\\/\\\/switzerlandbylocals.com\\\/en\\\/#organization\"},\"potentialAction\":[{\"@type\":\"SearchAction\",\"target\":{\"@type\":\"EntryPoint\",\"urlTemplate\":\"https:\\\/\\\/switzerlandbylocals.com\\\/en\\\/?s={search_term_string}\"},\"query-input\":{\"@type\":\"PropertyValueSpecification\",\"valueRequired\":true,\"valueName\":\"search_term_string\"}}],\"inLanguage\":\"it-IT\"},{\"@type\":\"Organization\",\"@id\":\"https:\\\/\\\/switzerlandbylocals.com\\\/en\\\/#organization\",\"name\":\"Switzerland by Locals\",\"url\":\"https:\\\/\\\/switzerlandbylocals.com\\\/en\\\/\",\"logo\":{\"@type\":\"ImageObject\",\"inLanguage\":\"it-IT\",\"@id\":\"https:\\\/\\\/switzerlandbylocals.com\\\/en\\\/#\\\/schema\\\/logo\\\/image\\\/\",\"url\":\"https:\\\/\\\/switzerlandbylocals.com\\\/wp-content\\\/uploads\\\/2021\\\/02\\\/Logo-V1.png\",\"contentUrl\":\"https:\\\/\\\/switzerlandbylocals.com\\\/wp-content\\\/uploads\\\/2021\\\/02\\\/Logo-V1.png\",\"width\":2551,\"height\":667,\"caption\":\"Switzerland by Locals\"},\"image\":{\"@id\":\"https:\\\/\\\/switzerlandbylocals.com\\\/en\\\/#\\\/schema\\\/logo\\\/image\\\/\"}},{\"@type\":\"Person\",\"@id\":\"https:\\\/\\\/switzerlandbylocals.com\\\/en\\\/#\\\/schema\\\/person\\\/b9faf460227b0d1bc55783dbe9b8f4e2\",\"name\":\"marc.gottw\",\"image\":{\"@type\":\"ImageObject\",\"inLanguage\":\"it-IT\",\"@id\":\"https:\\\/\\\/secure.gravatar.com\\\/avatar\\\/a010e12fdaac30d8115e19dbfd8f2f11effce8fce40a6046b2652155e2590b41?s=96&d=mm&r=g\",\"url\":\"https:\\\/\\\/secure.gravatar.com\\\/avatar\\\/a010e12fdaac30d8115e19dbfd8f2f11effce8fce40a6046b2652155e2590b41?s=96&d=mm&r=g\",\"contentUrl\":\"https:\\\/\\\/secure.gravatar.com\\\/avatar\\\/a010e12fdaac30d8115e19dbfd8f2f11effce8fce40a6046b2652155e2590b41?s=96&d=mm&r=g\",\"caption\":\"marc.gottw\"},\"url\":\"https:\\\/\\\/switzerlandbylocals.com\\\/it\\\/author\\\/marc-gottw\\\/\"}]}<\/script>\n<!-- \/ Yoast SEO plugin. -->","yoast_head_json":{"title":"I colori della Svizzera - Switzerland by Locals","description":"Scopri la bellezza dei colori della Svizzera e lasciati incantare dalla sua natura mozzafiato.","robots":{"index":"index","follow":"follow","max-snippet":"max-snippet:-1","max-image-preview":"max-image-preview:large","max-video-preview":"max-video-preview:-1"},"canonical":"https:\/\/switzerlandbylocals.com\/it\/i-colori-della-svizzera-2\/","og_locale":"it_IT","og_type":"article","og_title":"I colori della Svizzera - Switzerland by Locals","og_description":"Scopri la bellezza dei colori della Svizzera e lasciati incantare dalla sua natura mozzafiato.","og_url":"https:\/\/switzerlandbylocals.com\/it\/i-colori-della-svizzera-2\/","og_site_name":"Switzerland by Locals","article_published_time":"2023-12-06T13:18:26+00:00","article_modified_time":"2023-12-06T13:21:25+00:00","og_image":[{"width":1920,"height":1280,"url":"https:\/\/switzerlandbylocals.com\/wp-content\/uploads\/2021\/02\/1.jpg","type":"image\/jpeg"}],"author":"marc.gottw","twitter_card":"summary_large_image","twitter_misc":{"Scritto da":"marc.gottw","Tempo di lettura stimato":"6 minuti"},"schema":{"@context":"https:\/\/schema.org","@graph":[{"@type":"Article","@id":"https:\/\/switzerlandbylocals.com\/it\/i-colori-della-svizzera-2\/#article","isPartOf":{"@id":"https:\/\/switzerlandbylocals.com\/it\/i-colori-della-svizzera-2\/"},"author":{"name":"marc.gottw","@id":"https:\/\/switzerlandbylocals.com\/en\/#\/schema\/person\/b9faf460227b0d1bc55783dbe9b8f4e2"},"headline":"I colori della Svizzera","datePublished":"2023-12-06T13:18:26+00:00","dateModified":"2023-12-06T13:21:25+00:00","mainEntityOfPage":{"@id":"https:\/\/switzerlandbylocals.com\/it\/i-colori-della-svizzera-2\/"},"wordCount":253,"publisher":{"@id":"https:\/\/switzerlandbylocals.com\/en\/#organization"},"image":{"@id":"https:\/\/switzerlandbylocals.com\/it\/i-colori-della-svizzera-2\/#primaryimage"},"thumbnailUrl":"https:\/\/switzerlandbylocals.com\/wp-content\/uploads\/2021\/02\/1.jpg","articleSection":["montagne"],"inLanguage":"it-IT"},{"@type":"WebPage","@id":"https:\/\/switzerlandbylocals.com\/it\/i-colori-della-svizzera-2\/","url":"https:\/\/switzerlandbylocals.com\/it\/i-colori-della-svizzera-2\/","name":"I colori della Svizzera - Switzerland by Locals","isPartOf":{"@id":"https:\/\/switzerlandbylocals.com\/en\/#website"},"primaryImageOfPage":{"@id":"https:\/\/switzerlandbylocals.com\/it\/i-colori-della-svizzera-2\/#primaryimage"},"image":{"@id":"https:\/\/switzerlandbylocals.com\/it\/i-colori-della-svizzera-2\/#primaryimage"},"thumbnailUrl":"https:\/\/switzerlandbylocals.com\/wp-content\/uploads\/2021\/02\/1.jpg","datePublished":"2023-12-06T13:18:26+00:00","dateModified":"2023-12-06T13:21:25+00:00","description":"Scopri la bellezza dei colori della Svizzera e lasciati incantare dalla sua natura mozzafiato.","breadcrumb":{"@id":"https:\/\/switzerlandbylocals.com\/it\/i-colori-della-svizzera-2\/#breadcrumb"},"inLanguage":"it-IT","potentialAction":[{"@type":"ReadAction","target":["https:\/\/switzerlandbylocals.com\/it\/i-colori-della-svizzera-2\/"]}]},{"@type":"ImageObject","inLanguage":"it-IT","@id":"https:\/\/switzerlandbylocals.com\/it\/i-colori-della-svizzera-2\/#primaryimage","url":"https:\/\/switzerlandbylocals.com\/wp-content\/uploads\/2021\/02\/1.jpg","contentUrl":"https:\/\/switzerlandbylocals.com\/wp-content\/uploads\/2021\/02\/1.jpg","width":1920,"height":1280},{"@type":"BreadcrumbList","@id":"https:\/\/switzerlandbylocals.com\/it\/i-colori-della-svizzera-2\/#breadcrumb","itemListElement":[{"@type":"ListItem","position":1,"name":"Startseite","item":"https:\/\/switzerlandbylocals.com\/it\/"},{"@type":"ListItem","position":2,"name":"I colori della Svizzera"}]},{"@type":"WebSite","@id":"https:\/\/switzerlandbylocals.com\/en\/#website","url":"https:\/\/switzerlandbylocals.com\/en\/","name":"Switzerland by Locals","description":"","publisher":{"@id":"https:\/\/switzerlandbylocals.com\/en\/#organization"},"potentialAction":[{"@type":"SearchAction","target":{"@type":"EntryPoint","urlTemplate":"https:\/\/switzerlandbylocals.com\/en\/?s={search_term_string}"},"query-input":{"@type":"PropertyValueSpecification","valueRequired":true,"valueName":"search_term_string"}}],"inLanguage":"it-IT"},{"@type":"Organization","@id":"https:\/\/switzerlandbylocals.com\/en\/#organization","name":"Switzerland by Locals","url":"https:\/\/switzerlandbylocals.com\/en\/","logo":{"@type":"ImageObject","inLanguage":"it-IT","@id":"https:\/\/switzerlandbylocals.com\/en\/#\/schema\/logo\/image\/","url":"https:\/\/switzerlandbylocals.com\/wp-content\/uploads\/2021\/02\/Logo-V1.png","contentUrl":"https:\/\/switzerlandbylocals.com\/wp-content\/uploads\/2021\/02\/Logo-V1.png","width":2551,"height":667,"caption":"Switzerland by Locals"},"image":{"@id":"https:\/\/switzerlandbylocals.com\/en\/#\/schema\/logo\/image\/"}},{"@type":"Person","@id":"https:\/\/switzerlandbylocals.com\/en\/#\/schema\/person\/b9faf460227b0d1bc55783dbe9b8f4e2","name":"marc.gottw","image":{"@type":"ImageObject","inLanguage":"it-IT","@id":"https:\/\/secure.gravatar.com\/avatar\/a010e12fdaac30d8115e19dbfd8f2f11effce8fce40a6046b2652155e2590b41?s=96&d=mm&r=g","url":"https:\/\/secure.gravatar.com\/avatar\/a010e12fdaac30d8115e19dbfd8f2f11effce8fce40a6046b2652155e2590b41?s=96&d=mm&r=g","contentUrl":"https:\/\/secure.gravatar.com\/avatar\/a010e12fdaac30d8115e19dbfd8f2f11effce8fce40a6046b2652155e2590b41?s=96&d=mm&r=g","caption":"marc.gottw"},"url":"https:\/\/switzerlandbylocals.com\/it\/author\/marc-gottw\/"}]}},"_links":{"self":[{"href":"https:\/\/switzerlandbylocals.com\/it\/wp-json\/wp\/v2\/posts\/18221","targetHints":{"allow":["GET"]}}],"collection":[{"href":"https:\/\/switzerlandbylocals.com\/it\/wp-json\/wp\/v2\/posts"}],"about":[{"href":"https:\/\/switzerlandbylocals.com\/it\/wp-json\/wp\/v2\/types\/post"}],"author":[{"embeddable":true,"href":"https:\/\/switzerlandbylocals.com\/it\/wp-json\/wp\/v2\/users\/1"}],"replies":[{"embeddable":true,"href":"https:\/\/switzerlandbylocals.com\/it\/wp-json\/wp\/v2\/comments?post=18221"}],"version-history":[{"count":10,"href":"https:\/\/switzerlandbylocals.com\/it\/wp-json\/wp\/v2\/posts\/18221\/revisions"}],"predecessor-version":[{"id":18512,"href":"https:\/\/switzerlandbylocals.com\/it\/wp-json\/wp\/v2\/posts\/18221\/revisions\/18512"}],"wp:featuredmedia":[{"embeddable":true,"href":"https:\/\/switzerlandbylocals.com\/it\/wp-json\/wp\/v2\/media\/14585"}],"wp:attachment":[{"href":"https:\/\/switzerlandbylocals.com\/it\/wp-json\/wp\/v2\/media?parent=18221"}],"wp:term":[{"taxonomy":"category","embeddable":true,"href":"https:\/\/switzerlandbylocals.com\/it\/wp-json\/wp\/v2\/categories?post=18221"},{"taxonomy":"post_tag","embeddable":true,"href":"https:\/\/switzerlandbylocals.com\/it\/wp-json\/wp\/v2\/tags?post=18221"}],"curies":[{"name":"wp","href":"https:\/\/api.w.org\/{rel}","templated":true}]}}